{"id":11555,"date":"2025-01-07T15:11:34","date_gmt":"2025-01-07T15:11:34","guid":{"rendered":"https:\/\/alpenresorts-ladis.at\/?p=11555"},"modified":"2025-11-05T07:56:57","modified_gmt":"2025-11-05T07:56:57","slug":"private-spa-naturlodge-4","status":"publish","type":"post","link":"https:\/\/alpenresorts-ladis.at\/en\/private-spa-naturlodge-4\/","title":{"rendered":"Garden lodge close to nature"},"content":{"rendered":"\t\t<div data-elementor-type=\"wp-post\" data-elementor-id=\"11555\" class=\"elementor elementor-11555 elementor-11554\" data-elementor-post-type=\"post\">\n\t\t\t\t<div class=\"elementor-element elementor-element-2f84cd50 e-flex e-con-boxed e-con e-parent\" data-id=\"2f84cd50\" data-element_type=\"container\" data-e-type=\"container\">\n\t\t\t\t\t<div class=\"e-con-inner\">\n\t\t\t\t<div class=\"elementor-element elementor-element-94c05e6 uael-img-grid-tablet_extra__column-4 uael-img-grid-tablet__column-4 uael-img-grid__column-4 uael-img-grid-mobile__column-2 uael-ins-normal elementor-widget elementor-widget-uael-image-gallery\" data-id=\"94c05e6\" data-element_type=\"widget\" data-e-type=\"widget\" data-settings=\"{&quot;gallery_columns_tablet_extra&quot;:&quot;4&quot;,&quot;gallery_columns_tablet&quot;:&quot;4&quot;,&quot;gallery_columns&quot;:&quot;4&quot;,&quot;gallery_columns_mobile&quot;:&quot;2&quot;,&quot;column_gap&quot;:{&quot;unit&quot;:&quot;px&quot;,&quot;size&quot;:20,&quot;sizes&quot;:[]},&quot;column_gap_laptop&quot;:{&quot;unit&quot;:&quot;px&quot;,&quot;size&quot;:&quot;&quot;,&quot;sizes&quot;:[]},&quot;column_gap_tablet_extra&quot;:{&quot;unit&quot;:&quot;px&quot;,&quot;size&quot;:&quot;&quot;,&quot;sizes&quot;:[]},&quot;column_gap_tablet&quot;:{&quot;unit&quot;:&quot;px&quot;,&quot;size&quot;:&quot;&quot;,&quot;sizes&quot;:[]},&quot;column_gap_mobile_extra&quot;:{&quot;unit&quot;:&quot;px&quot;,&quot;size&quot;:&quot;&quot;,&quot;sizes&quot;:[]},&quot;column_gap_mobile&quot;:{&quot;unit&quot;:&quot;px&quot;,&quot;size&quot;:&quot;&quot;,&quot;sizes&quot;:[]},&quot;row_gap&quot;:{&quot;unit&quot;:&quot;px&quot;,&quot;size&quot;:20,&quot;sizes&quot;:[]},&quot;row_gap_laptop&quot;:{&quot;unit&quot;:&quot;px&quot;,&quot;size&quot;:&quot;&quot;,&quot;sizes&quot;:[]},&quot;row_gap_tablet_extra&quot;:{&quot;unit&quot;:&quot;px&quot;,&quot;size&quot;:&quot;&quot;,&quot;sizes&quot;:[]},&quot;row_gap_tablet&quot;:{&quot;unit&quot;:&quot;px&quot;,&quot;size&quot;:&quot;&quot;,&quot;sizes&quot;:[]},&quot;row_gap_mobile_extra&quot;:{&quot;unit&quot;:&quot;px&quot;,&quot;size&quot;:&quot;&quot;,&quot;sizes&quot;:[]},&quot;row_gap_mobile&quot;:{&quot;unit&quot;:&quot;px&quot;,&quot;size&quot;:&quot;&quot;,&quot;sizes&quot;:[]}}\" data-widget_type=\"uael-image-gallery.default\">\n\t\t\t\t<div class=\"elementor-widget-container\">\n\t\t\t\t\t<div class=\"uael-gallery-parent uael-caption- uael-gallery-unjustified\"><div class=\"uael-img-gallery-wrap uael-img-masonry-wrap uael-img-grid-masonry-wrap uael-masonry uael-image-lightbox-wrap\" data-filter-default=\"All\" data-lightbox_actions=\"[&quot;close&quot;]\" data-lightbox-gallery-loop=\"\"><div class=\"uael-grid-item  uael-img-gallery-item-1\"><div class=\"uael-grid-item-content\"><a class=\"uael-grid-img uael-grid-gallery-img uael-ins-hover elementor-clickable\" data-fancybox=\"uael-gallery\" href=\"https:\/\/alpenresorts-ladis.at\/wp-content\/uploads\/2024\/07\/Alpenresorts_Ladis_Naturlodge_2024_073.jpg\" data-elementor-open-lightbox=\"no\"><div class=\"uael-grid-img-thumbnail uael-ins-target\"><img fetchpriority=\"high\" decoding=\"async\" width=\"1000\" height=\"667\" src=\"https:\/\/alpenresorts-ladis.at\/wp-content\/uploads\/2024\/07\/Alpenresorts_Ladis_Naturlodge_2024_073.jpg\" class=\"attachment-full size-full wp-image-9556\" alt=\"Ein gem\u00fctlicher, rustikaler Ess- und Wohnbereich im Neuen Apartment Gartenlodge in Ladis verf\u00fcgt \u00fcber Holzb\u00f6den und -decken. Ein Tisch mit St\u00fchlen, ein Holzofen, eine gepolsterte Bank mit dekorativen Kissen, gro\u00dfe Fenster mit Bergblick und Kunstwerke mit Naturmotiven schm\u00fccken die W\u00e4nde.\" srcset=\"https:\/\/alpenresorts-ladis.at\/wp-content\/uploads\/2024\/07\/Alpenresorts_Ladis_Naturlodge_2024_073.jpg 1000w, https:\/\/alpenresorts-ladis.at\/wp-content\/uploads\/2024\/07\/Alpenresorts_Ladis_Naturlodge_2024_073-300x200.jpg 300w, https:\/\/alpenresorts-ladis.at\/wp-content\/uploads\/2024\/07\/Alpenresorts_Ladis_Naturlodge_2024_073-768x512.jpg 768w\" sizes=\"(max-width: 1000px) 100vw, 1000px\" \/><\/div><div class=\"uael-grid-img-overlay\"><\/div><\/a><\/div><\/div><div class=\"uael-grid-item  uael-img-gallery-item-2\"><div class=\"uael-grid-item-content\"><a class=\"uael-grid-img uael-grid-gallery-img uael-ins-hover elementor-clickable\" data-fancybox=\"uael-gallery\" href=\"https:\/\/alpenresorts-ladis.at\/wp-content\/uploads\/2025\/07\/Alpenresorts_Ladis_Naturlodge_2024_072.jpg\" data-elementor-open-lightbox=\"no\"><div class=\"uael-grid-img-thumbnail uael-ins-target\"><img decoding=\"async\" width=\"1000\" height=\"667\" src=\"https:\/\/alpenresorts-ladis.at\/wp-content\/uploads\/2025\/07\/Alpenresorts_Ladis_Naturlodge_2024_072.jpg\" class=\"attachment-full size-full wp-image-11937\" alt=\"Moderne K\u00fcche mit schwarzer Arbeitsplatte, Elektroherd, Sp\u00fcle und strukturierter Wandaufkantung.\" srcset=\"https:\/\/alpenresorts-ladis.at\/wp-content\/uploads\/2025\/07\/Alpenresorts_Ladis_Naturlodge_2024_072.jpg 1000w, https:\/\/alpenresorts-ladis.at\/wp-content\/uploads\/2025\/07\/Alpenresorts_Ladis_Naturlodge_2024_072-300x200.jpg 300w, https:\/\/alpenresorts-ladis.at\/wp-content\/uploads\/2025\/07\/Alpenresorts_Ladis_Naturlodge_2024_072-768x512.jpg 768w\" sizes=\"(max-width: 1000px) 100vw, 1000px\" \/><\/div><div class=\"uael-grid-img-overlay\"><\/div><\/a><\/div><\/div><div class=\"uael-grid-item  uael-img-gallery-item-3\"><div class=\"uael-grid-item-content\"><a class=\"uael-grid-img uael-grid-gallery-img uael-ins-hover elementor-clickable\" data-fancybox=\"uael-gallery\" href=\"https:\/\/alpenresorts-ladis.at\/wp-content\/uploads\/2024\/07\/Alpenresorts_Ladis_Naturlodge_2024_080.jpg\" data-elementor-open-lightbox=\"no\"><div class=\"uael-grid-img-thumbnail uael-ins-target\"><img decoding=\"async\" width=\"1000\" height=\"667\" src=\"https:\/\/alpenresorts-ladis.at\/wp-content\/uploads\/2024\/07\/Alpenresorts_Ladis_Naturlodge_2024_080.jpg\" class=\"attachment-full size-full wp-image-9560\" alt=\"Ein moderner quadratischer schwarzer Duschkopf ist an einer Holzdecke im Neuen Apartment Gartenlodge in Ladis montiert. Er verf\u00fcgt \u00fcber mehrere kleine Wasserd\u00fcsen und erg\u00e4nzt das minimalistische Badezimmerdesign mit grauen W\u00e4nden.\" srcset=\"https:\/\/alpenresorts-ladis.at\/wp-content\/uploads\/2024\/07\/Alpenresorts_Ladis_Naturlodge_2024_080.jpg 1000w, https:\/\/alpenresorts-ladis.at\/wp-content\/uploads\/2024\/07\/Alpenresorts_Ladis_Naturlodge_2024_080-300x200.jpg 300w, https:\/\/alpenresorts-ladis.at\/wp-content\/uploads\/2024\/07\/Alpenresorts_Ladis_Naturlodge_2024_080-768x512.jpg 768w\" sizes=\"(max-width: 1000px) 100vw, 1000px\" \/><\/div><div class=\"uael-grid-img-overlay\"><\/div><\/a><\/div><\/div><div class=\"uael-grid-item  uael-img-gallery-item-4\"><div class=\"uael-grid-item-content\"><a class=\"uael-grid-img uael-grid-gallery-img uael-ins-hover elementor-clickable\" data-fancybox=\"uael-gallery\" href=\"https:\/\/alpenresorts-ladis.at\/wp-content\/uploads\/2024\/07\/Alpenresorts_Ladis_Naturlodge_2024_074.jpg\" data-elementor-open-lightbox=\"no\"><div class=\"uael-grid-img-thumbnail uael-ins-target\"><img loading=\"lazy\" decoding=\"async\" width=\"1000\" height=\"667\" src=\"https:\/\/alpenresorts-ladis.at\/wp-content\/uploads\/2024\/07\/Alpenresorts_Ladis_Naturlodge_2024_074.jpg\" class=\"attachment-full size-full wp-image-9558\" alt=\"Gem\u00fctliche Holzh\u00fctteneinrichtung, die an eine Neue Apartment Gartenlodge in Ladis erinnert, mit einem kleinen Esstisch mit St\u00fchlen, einem Ecksofa mit Kissen mit Hirschmotiv, einem an der Wand montierten Fernseher, einem modernen Ofen, einer Holzdecke und einem gro\u00dfen Fenster. Genie\u00dfen Sie das warme, rustikale Ambiente und das nat\u00fcrliche Licht.\" srcset=\"https:\/\/alpenresorts-ladis.at\/wp-content\/uploads\/2024\/07\/Alpenresorts_Ladis_Naturlodge_2024_074.jpg 1000w, https:\/\/alpenresorts-ladis.at\/wp-content\/uploads\/2024\/07\/Alpenresorts_Ladis_Naturlodge_2024_074-300x200.jpg 300w, https:\/\/alpenresorts-ladis.at\/wp-content\/uploads\/2024\/07\/Alpenresorts_Ladis_Naturlodge_2024_074-768x512.jpg 768w\" sizes=\"(max-width: 1000px) 100vw, 1000px\" \/><\/div><div class=\"uael-grid-img-overlay\"><\/div><\/a><\/div><\/div><div class=\"uael-grid-item  uael-img-gallery-item-5\"><div class=\"uael-grid-item-content\"><a class=\"uael-grid-img uael-grid-gallery-img uael-ins-hover elementor-clickable\" data-fancybox=\"uael-gallery\" href=\"https:\/\/alpenresorts-ladis.at\/wp-content\/uploads\/2024\/07\/Alpenresorts_Ladis_Naturlodge_2024_071.jpg\" data-elementor-open-lightbox=\"no\"><div class=\"uael-grid-img-thumbnail uael-ins-target\"><img loading=\"lazy\" decoding=\"async\" width=\"1000\" height=\"667\" src=\"https:\/\/alpenresorts-ladis.at\/wp-content\/uploads\/2024\/07\/Alpenresorts_Ladis_Naturlodge_2024_071.jpg\" class=\"attachment-full size-full wp-image-9554\" alt=\"Eine gem\u00fctliche Essecke im Neuen Apartment Gartenlodge in Ladis verf\u00fcgt \u00fcber Holzw\u00e4nde und -decke, eine Eckbank und Lederst\u00fchle um einen hellen Holztisch. Ein Flachbildfernseher und Vintage-Fotos schm\u00fccken die Wand, w\u00e4hrend in der Ecke ein moderner Ofen f\u00fcr W\u00e4rme sorgt.\" srcset=\"https:\/\/alpenresorts-ladis.at\/wp-content\/uploads\/2024\/07\/Alpenresorts_Ladis_Naturlodge_2024_071.jpg 1000w, https:\/\/alpenresorts-ladis.at\/wp-content\/uploads\/2024\/07\/Alpenresorts_Ladis_Naturlodge_2024_071-300x200.jpg 300w, https:\/\/alpenresorts-ladis.at\/wp-content\/uploads\/2024\/07\/Alpenresorts_Ladis_Naturlodge_2024_071-768x512.jpg 768w\" sizes=\"(max-width: 1000px) 100vw, 1000px\" \/><\/div><div class=\"uael-grid-img-overlay\"><\/div><\/a><\/div><\/div><div class=\"uael-grid-item  uael-img-gallery-item-6\"><div class=\"uael-grid-item-content\"><a class=\"uael-grid-img uael-grid-gallery-img uael-ins-hover elementor-clickable\" data-fancybox=\"uael-gallery\" href=\"https:\/\/alpenresorts-ladis.at\/wp-content\/uploads\/2025\/11\/20251016_Naturlodge_Whirlpool_HWM_004.jpg\" data-elementor-open-lightbox=\"no\"><div class=\"uael-grid-img-thumbnail uael-ins-target\"><img loading=\"lazy\" decoding=\"async\" width=\"445\" height=\"667\" src=\"https:\/\/alpenresorts-ladis.at\/wp-content\/uploads\/2025\/11\/20251016_Naturlodge_Whirlpool_HWM_004.jpg\" class=\"attachment-full size-full wp-image-12596\" alt=\"Whirlpool im Freien unter einem Vordach mit Blick auf die Berge und das Dorf im Hintergrund.\" srcset=\"https:\/\/alpenresorts-ladis.at\/wp-content\/uploads\/2025\/11\/20251016_Naturlodge_Whirlpool_HWM_004.jpg 445w, https:\/\/alpenresorts-ladis.at\/wp-content\/uploads\/2025\/11\/20251016_Naturlodge_Whirlpool_HWM_004-200x300.jpg 200w\" sizes=\"(max-width: 445px) 100vw, 445px\" \/><\/div><div class=\"uael-grid-img-overlay\"><\/div><\/a><\/div><\/div><div class=\"uael-grid-item  uael-img-gallery-item-7\"><div class=\"uael-grid-item-content\"><a class=\"uael-grid-img uael-grid-gallery-img uael-ins-hover elementor-clickable\" data-fancybox=\"uael-gallery\" href=\"https:\/\/alpenresorts-ladis.at\/wp-content\/uploads\/2025\/11\/20251016_Naturlodge_Whirlpool_HWM_001.jpg\" data-elementor-open-lightbox=\"no\"><div class=\"uael-grid-img-thumbnail uael-ins-target\"><img loading=\"lazy\" decoding=\"async\" width=\"1000\" height=\"667\" src=\"https:\/\/alpenresorts-ladis.at\/wp-content\/uploads\/2025\/11\/20251016_Naturlodge_Whirlpool_HWM_001.jpg\" class=\"attachment-full size-full wp-image-12594\" alt=\"Ein Whirlpool unter einem Pavillon in einem Garten mit Korbstuhl und Bergblick.\" srcset=\"https:\/\/alpenresorts-ladis.at\/wp-content\/uploads\/2025\/11\/20251016_Naturlodge_Whirlpool_HWM_001.jpg 1000w, https:\/\/alpenresorts-ladis.at\/wp-content\/uploads\/2025\/11\/20251016_Naturlodge_Whirlpool_HWM_001-300x200.jpg 300w, https:\/\/alpenresorts-ladis.at\/wp-content\/uploads\/2025\/11\/20251016_Naturlodge_Whirlpool_HWM_001-768x512.jpg 768w\" sizes=\"(max-width: 1000px) 100vw, 1000px\" \/><\/div><div class=\"uael-grid-img-overlay\"><\/div><\/a><\/div><\/div><div class=\"uael-grid-item  uael-img-gallery-item-8\"><div class=\"uael-grid-item-content\"><a class=\"uael-grid-img uael-grid-gallery-img uael-ins-hover elementor-clickable\" data-fancybox=\"uael-gallery\" href=\"https:\/\/alpenresorts-ladis.at\/wp-content\/uploads\/2025\/11\/20251016_Naturlodge_Whirlpool_HWM_005.jpg\" data-elementor-open-lightbox=\"no\"><div class=\"uael-grid-img-thumbnail uael-ins-target\"><img loading=\"lazy\" decoding=\"async\" width=\"1000\" height=\"667\" src=\"https:\/\/alpenresorts-ladis.at\/wp-content\/uploads\/2025\/11\/20251016_Naturlodge_Whirlpool_HWM_005.jpg\" class=\"attachment-full size-full wp-image-12598\" alt=\"Whirlpool im Freien unter einem Pavillon in einem Garten, umgeben von Gr\u00fcn und Herbstb\u00e4umen.\" srcset=\"https:\/\/alpenresorts-ladis.at\/wp-content\/uploads\/2025\/11\/20251016_Naturlodge_Whirlpool_HWM_005.jpg 1000w, https:\/\/alpenresorts-ladis.at\/wp-content\/uploads\/2025\/11\/20251016_Naturlodge_Whirlpool_HWM_005-300x200.jpg 300w, https:\/\/alpenresorts-ladis.at\/wp-content\/uploads\/2025\/11\/20251016_Naturlodge_Whirlpool_HWM_005-768x512.jpg 768w\" sizes=\"(max-width: 1000px) 100vw, 1000px\" \/><\/div><div class=\"uael-grid-img-overlay\"><\/div><\/a><\/div><\/div><div class=\"uael-grid-item  uael-img-gallery-item-9\"><div class=\"uael-grid-item-content\"><a class=\"uael-grid-img uael-grid-gallery-img uael-ins-hover elementor-clickable\" data-fancybox=\"uael-gallery\" href=\"https:\/\/alpenresorts-ladis.at\/wp-content\/uploads\/2024\/07\/Alpenresorts_Ladis_Naturlodge_2024_067.jpg\" data-elementor-open-lightbox=\"no\"><div class=\"uael-grid-img-thumbnail uael-ins-target\"><img loading=\"lazy\" decoding=\"async\" width=\"1000\" height=\"667\" src=\"https:\/\/alpenresorts-ladis.at\/wp-content\/uploads\/2024\/07\/Alpenresorts_Ladis_Naturlodge_2024_067.jpg\" class=\"attachment-full size-full wp-image-9552\" alt=\"Dieses moderne Badezimmer im Neuen Apartment Gartenlodge in Ladis verf\u00fcgt \u00fcber strukturierte W\u00e4nde und eine Holzdecke. \u00dcber einem Doppelwaschtisch befinden sich zwei runde Spiegel mit Hintergrundbeleuchtung, w\u00e4hrend links eine Glasduschkabine zu sehen ist. Handt\u00fccher liegen ordentlich darunter und Kunstwerke schm\u00fccken die Wand.\" srcset=\"https:\/\/alpenresorts-ladis.at\/wp-content\/uploads\/2024\/07\/Alpenresorts_Ladis_Naturlodge_2024_067.jpg 1000w, https:\/\/alpenresorts-ladis.at\/wp-content\/uploads\/2024\/07\/Alpenresorts_Ladis_Naturlodge_2024_067-300x200.jpg 300w, https:\/\/alpenresorts-ladis.at\/wp-content\/uploads\/2024\/07\/Alpenresorts_Ladis_Naturlodge_2024_067-768x512.jpg 768w\" sizes=\"(max-width: 1000px) 100vw, 1000px\" \/><\/div><div class=\"uael-grid-img-overlay\"><\/div><\/a><\/div><\/div><div class=\"uael-grid-item  uael-img-gallery-item-10\"><div class=\"uael-grid-item-content\"><a class=\"uael-grid-img uael-grid-gallery-img uael-ins-hover elementor-clickable\" data-fancybox=\"uael-gallery\" href=\"https:\/\/alpenresorts-ladis.at\/wp-content\/uploads\/2024\/07\/Alpenresorts_Ladis_Naturlodge_2024_066.jpg\" data-elementor-open-lightbox=\"no\"><div class=\"uael-grid-img-thumbnail uael-ins-target\"><img loading=\"lazy\" decoding=\"async\" width=\"1000\" height=\"667\" src=\"https:\/\/alpenresorts-ladis.at\/wp-content\/uploads\/2024\/07\/Alpenresorts_Ladis_Naturlodge_2024_066.jpg\" class=\"attachment-full size-full wp-image-9550\" alt=\"Das moderne Badezimmer im Neuen Apartment Gartenlodge in Ladis verf\u00fcgt \u00fcber einen runden, von hinten beleuchteten Spiegel, einen runden Vergr\u00f6\u00dferungsspiegel und ein wei\u00dfes Waschbecken auf einer Holzplatte. Strukturierte Betonw\u00e4nde und ein Duschbereich in Kombination mit schwarzen Armaturen sorgen f\u00fcr einen eleganten Kontrast.\" srcset=\"https:\/\/alpenresorts-ladis.at\/wp-content\/uploads\/2024\/07\/Alpenresorts_Ladis_Naturlodge_2024_066.jpg 1000w, https:\/\/alpenresorts-ladis.at\/wp-content\/uploads\/2024\/07\/Alpenresorts_Ladis_Naturlodge_2024_066-300x200.jpg 300w, https:\/\/alpenresorts-ladis.at\/wp-content\/uploads\/2024\/07\/Alpenresorts_Ladis_Naturlodge_2024_066-768x512.jpg 768w\" sizes=\"(max-width: 1000px) 100vw, 1000px\" \/><\/div><div class=\"uael-grid-img-overlay\"><\/div><\/a><\/div><\/div><div class=\"uael-grid-item  uael-img-gallery-item-11\"><div class=\"uael-grid-item-content\"><a class=\"uael-grid-img uael-grid-gallery-img uael-ins-hover elementor-clickable\" data-fancybox=\"uael-gallery\" href=\"https:\/\/alpenresorts-ladis.at\/wp-content\/uploads\/2024\/07\/Alpenresorts_Ladis_Naturlodge_2024_062.jpg\" data-elementor-open-lightbox=\"no\"><div class=\"uael-grid-img-thumbnail uael-ins-target\"><img loading=\"lazy\" decoding=\"async\" width=\"1000\" height=\"667\" src=\"https:\/\/alpenresorts-ladis.at\/wp-content\/uploads\/2024\/07\/Alpenresorts_Ladis_Naturlodge_2024_062.jpg\" class=\"attachment-full size-full wp-image-9548\" alt=\"Modernes Hotelzimmer, das an eine Neue Apartment Gartenlodge in Ladis erinnert, mit einem Flachbildfernseher \u00fcber einem Holzschreibtisch. Ein gepolsterter Stuhl steht vor dem Fernseher, w\u00e4hrend dunkle Vorh\u00e4nge das Fenster einrahmen und Licht auf den hellen Holzboden und die schlichte Einrichtung fallen lassen.\" srcset=\"https:\/\/alpenresorts-ladis.at\/wp-content\/uploads\/2024\/07\/Alpenresorts_Ladis_Naturlodge_2024_062.jpg 1000w, https:\/\/alpenresorts-ladis.at\/wp-content\/uploads\/2024\/07\/Alpenresorts_Ladis_Naturlodge_2024_062-300x200.jpg 300w, https:\/\/alpenresorts-ladis.at\/wp-content\/uploads\/2024\/07\/Alpenresorts_Ladis_Naturlodge_2024_062-768x512.jpg 768w\" sizes=\"(max-width: 1000px) 100vw, 1000px\" \/><\/div><div class=\"uael-grid-img-overlay\"><\/div><\/a><\/div><\/div><div class=\"uael-grid-item  uael-img-gallery-item-12\"><div class=\"uael-grid-item-content\"><a class=\"uael-grid-img uael-grid-gallery-img uael-ins-hover elementor-clickable\" data-fancybox=\"uael-gallery\" href=\"https:\/\/alpenresorts-ladis.at\/wp-content\/uploads\/2023\/12\/Alpenresorts-Ladis-Besonderheiten-Naturlodge-Panoramaterrasse-02.jpg\" data-elementor-open-lightbox=\"no\"><div class=\"uael-grid-img-thumbnail uael-ins-target\"><img loading=\"lazy\" decoding=\"async\" width=\"500\" height=\"500\" src=\"https:\/\/alpenresorts-ladis.at\/wp-content\/uploads\/2023\/12\/Alpenresorts-Ladis-Besonderheiten-Naturlodge-Panoramaterrasse-02.jpg\" class=\"attachment-full size-full wp-image-2308\" alt=\"Eine malerische neue Panoramaterrasse mit zwei St\u00fchlen und einem kleinen Tisch vor der Kulisse \u00fcppiger, gr\u00fcner Berge und eines wolkigen Himmels. Der Bereich ist von einem Glasgel\u00e4nder umgeben und bietet einen unvergleichlichen Ausblick auf die Bergwelt.\" srcset=\"https:\/\/alpenresorts-ladis.at\/wp-content\/uploads\/2023\/12\/Alpenresorts-Ladis-Besonderheiten-Naturlodge-Panoramaterrasse-02.jpg 500w, https:\/\/alpenresorts-ladis.at\/wp-content\/uploads\/2023\/12\/Alpenresorts-Ladis-Besonderheiten-Naturlodge-Panoramaterrasse-02-300x300.jpg 300w, https:\/\/alpenresorts-ladis.at\/wp-content\/uploads\/2023\/12\/Alpenresorts-Ladis-Besonderheiten-Naturlodge-Panoramaterrasse-02-150x150.jpg 150w\" sizes=\"(max-width: 500px) 100vw, 500px\" \/><\/div><div class=\"uael-grid-img-overlay\"><\/div><\/a><\/div><\/div><div class=\"uael-grid-item  uael-img-gallery-item-13\"><div class=\"uael-grid-item-content\"><a class=\"uael-grid-img uael-grid-gallery-img uael-ins-hover elementor-clickable\" data-fancybox=\"uael-gallery\" href=\"https:\/\/alpenresorts-ladis.at\/wp-content\/uploads\/2025\/01\/Alpenresorts-Ladis_Apartment_Ladis_29_adore_fall_2024_web_1000x677.jpg\" data-elementor-open-lightbox=\"no\"><div class=\"uael-grid-img-thumbnail uael-ins-target\"><img loading=\"lazy\" decoding=\"async\" width=\"1000\" height=\"667\" src=\"https:\/\/alpenresorts-ladis.at\/wp-content\/uploads\/2025\/01\/Alpenresorts-Ladis_Apartment_Ladis_29_adore_fall_2024_web_1000x677.jpg\" class=\"attachment-full size-full wp-image-11559\" alt=\"Drei moderne, graue Sonnenliegen mit Kopfst\u00fctzen stehen auf einer Rasenfl\u00e4che im Freien in der N\u00e4he eines zeitgen\u00f6ssischen Geb\u00e4udes. Ein Sonnenschirm spendet Schatten und im Hintergrund befinden sich verschiedene Str\u00e4ucher und B\u00e4ume, die die friedliche Atmosph\u00e4re noch verst\u00e4rken.\" srcset=\"https:\/\/alpenresorts-ladis.at\/wp-content\/uploads\/2025\/01\/Alpenresorts-Ladis_Apartment_Ladis_29_adore_fall_2024_web_1000x677.jpg 1000w, https:\/\/alpenresorts-ladis.at\/wp-content\/uploads\/2025\/01\/Alpenresorts-Ladis_Apartment_Ladis_29_adore_fall_2024_web_1000x677-300x200.jpg 300w, https:\/\/alpenresorts-ladis.at\/wp-content\/uploads\/2025\/01\/Alpenresorts-Ladis_Apartment_Ladis_29_adore_fall_2024_web_1000x677-768x512.jpg 768w\" sizes=\"(max-width: 1000px) 100vw, 1000px\" \/><\/div><div class=\"uael-grid-img-overlay\"><\/div><\/a><\/div><\/div><div class=\"uael-grid-item  uael-img-gallery-item-14\"><div class=\"uael-grid-item-content\"><a class=\"uael-grid-img uael-grid-gallery-img uael-ins-hover elementor-clickable\" data-fancybox=\"uael-gallery\" href=\"https:\/\/alpenresorts-ladis.at\/wp-content\/uploads\/2025\/01\/Alpenresorts-Ladis_Apartment_Ladis_33_adore_fall_2024_web_1000x677.jpg\" data-elementor-open-lightbox=\"no\"><div class=\"uael-grid-img-thumbnail uael-ins-target\"><img loading=\"lazy\" decoding=\"async\" width=\"1000\" height=\"667\" src=\"https:\/\/alpenresorts-ladis.at\/wp-content\/uploads\/2025\/01\/Alpenresorts-Ladis_Apartment_Ladis_33_adore_fall_2024_web_1000x677.jpg\" class=\"attachment-full size-full wp-image-11561\" alt=\"Au\u00dfenterrassenszene mit einem modernen grauen Korbsofa und einem passenden Stuhl auf einem gefliesten Boden. Im Hintergrund sind ein Holzgeb\u00e4ude und \u00fcppiges Gr\u00fcn zu sehen, dar\u00fcber ein Hauch von blauem Himmel.\" srcset=\"https:\/\/alpenresorts-ladis.at\/wp-content\/uploads\/2025\/01\/Alpenresorts-Ladis_Apartment_Ladis_33_adore_fall_2024_web_1000x677.jpg 1000w, https:\/\/alpenresorts-ladis.at\/wp-content\/uploads\/2025\/01\/Alpenresorts-Ladis_Apartment_Ladis_33_adore_fall_2024_web_1000x677-300x200.jpg 300w, https:\/\/alpenresorts-ladis.at\/wp-content\/uploads\/2025\/01\/Alpenresorts-Ladis_Apartment_Ladis_33_adore_fall_2024_web_1000x677-768x512.jpg 768w\" sizes=\"(max-width: 1000px) 100vw, 1000px\" \/><\/div><div class=\"uael-grid-img-overlay\"><\/div><\/a><\/div><\/div><div class=\"uael-grid-item  uael-img-gallery-item-15\"><div class=\"uael-grid-item-content\"><a class=\"uael-grid-img uael-grid-gallery-img uael-ins-hover elementor-clickable\" data-fancybox=\"uael-gallery\" href=\"https:\/\/alpenresorts-ladis.at\/wp-content\/uploads\/2025\/07\/Alpenresorts_Ladis_Naturlodge_2024_119.jpg\" data-elementor-open-lightbox=\"no\"><div class=\"uael-grid-img-thumbnail uael-ins-target\"><img loading=\"lazy\" decoding=\"async\" width=\"1000\" height=\"667\" src=\"https:\/\/alpenresorts-ladis.at\/wp-content\/uploads\/2025\/07\/Alpenresorts_Ladis_Naturlodge_2024_119.jpg\" class=\"attachment-full size-full wp-image-11965\" alt=\"Moderne K\u00fcche mit schwarzen Schr\u00e4nken, Backofen, offenen Regalen und Holzakzenten.\" srcset=\"https:\/\/alpenresorts-ladis.at\/wp-content\/uploads\/2025\/07\/Alpenresorts_Ladis_Naturlodge_2024_119.jpg 1000w, https:\/\/alpenresorts-ladis.at\/wp-content\/uploads\/2025\/07\/Alpenresorts_Ladis_Naturlodge_2024_119-300x200.jpg 300w, https:\/\/alpenresorts-ladis.at\/wp-content\/uploads\/2025\/07\/Alpenresorts_Ladis_Naturlodge_2024_119-768x512.jpg 768w\" sizes=\"(max-width: 1000px) 100vw, 1000px\" \/><\/div><div class=\"uael-grid-img-overlay\"><\/div><\/a><\/div><\/div><\/div><\/div>\t\t\t\t<\/div>\n\t\t\t\t<\/div>\n\t\t\t\t\t<\/div>\n\t\t\t\t<\/div>\n\t\t\t\t<\/div>\n\t\t","protected":false},"excerpt":{"rendered":"<p>The garden lodge in our nature lodge is a very special highlight for exclusive relaxation. The direct access to the impressive panoramic terrace gives you an incomparable view of the majestic mountain world that invites you to dream. A special highlight is the private outdoor whirlpool, where you can enjoy the fresh air and the spectacular view in pleasantly warm water. The combination of luxurious comfort and a natural ambience makes the garden lodge the perfect retreat for the whole family.<\/p>\n","protected":false},"author":6,"featured_media":9572,"comment_status":"closed","ping_status":"closed","sticky":false,"template":"","format":"standard","meta":{"_acf_changed":false,"footnotes":""},"categories":[51,55],"tags":[],"class_list":["post-11555","post","type-post","status-publish","format-standard","has-post-thumbnail","hentry","category-features","category-nature-lodge-features"],"yoast_head":"<!-- This site is optimized with the Yoast SEO Premium plugin v22.3 (Yoast SEO v27.5) - https:\/\/yoast.com\/product\/yoast-seo-premium-wordpress\/ -->\n<title>Garden lodge with access to panoramic terrace<\/title>\n<meta name=\"description\" content=\"The garden lodge in our nature lodge is a very special highlight for exclusive relaxation. Direct access to the panoramic terrace.\" \/>\n<meta name=\"robots\" content=\"index, follow, max-snippet:-1, max-image-preview:large, max-video-preview:-1\" \/>\n<link rel=\"canonical\" href=\"https:\/\/alpenresorts-ladis.at\/en\/private-spa-naturlodge-4\/\" \/>\n<meta property=\"og:locale\" content=\"en_US\" \/>\n<meta property=\"og:type\" content=\"article\" \/>\n<meta property=\"og:title\" content=\"Garden lodge close to nature\" \/>\n<meta property=\"og:description\" content=\"The garden lodge in our nature lodge is a very special highlight for exclusive relaxation. Direct access to the panoramic terrace.\" \/>\n<meta property=\"og:url\" content=\"https:\/\/alpenresorts-ladis.at\/en\/private-spa-naturlodge-4\/\" \/>\n<meta property=\"og:site_name\" content=\"Alpenresorts Ladis\" \/>\n<meta property=\"article:published_time\" content=\"2025-01-07T15:11:34+00:00\" \/>\n<meta property=\"article:modified_time\" content=\"2025-11-05T07:56:57+00:00\" \/>\n<meta property=\"og:image\" content=\"https:\/\/alpenresorts-ladis.at\/wp-content\/uploads\/2023\/11\/Alpenresorts_Ladis_Naturlodge_2024_074-1.jpg\" \/>\n\t<meta property=\"og:image:width\" content=\"1000\" \/>\n\t<meta property=\"og:image:height\" content=\"1000\" \/>\n\t<meta property=\"og:image:type\" content=\"image\/jpeg\" \/>\n<meta name=\"author\" content=\"admin\" \/>\n<meta name=\"twitter:card\" content=\"summary_large_image\" \/>\n<meta name=\"twitter:label1\" content=\"Written by\" \/>\n\t<meta name=\"twitter:data1\" content=\"admin\" \/>\n<script type=\"application\/ld+json\" class=\"yoast-schema-graph\">{\"@context\":\"https:\\\/\\\/schema.org\",\"@graph\":[{\"@type\":\"Article\",\"@id\":\"https:\\\/\\\/alpenresorts-ladis.at\\\/en\\\/private-spa-naturlodge-4\\\/#article\",\"isPartOf\":{\"@id\":\"https:\\\/\\\/alpenresorts-ladis.at\\\/en\\\/private-spa-naturlodge-4\\\/\"},\"author\":{\"name\":\"admin\",\"@id\":\"https:\\\/\\\/alpenresorts-ladis.at\\\/#\\\/schema\\\/person\\\/e69c77c36de4263ba5faf0885ebc7970\"},\"headline\":\"Garden lodge close to nature\",\"datePublished\":\"2025-01-07T15:11:34+00:00\",\"dateModified\":\"2025-11-05T07:56:57+00:00\",\"mainEntityOfPage\":{\"@id\":\"https:\\\/\\\/alpenresorts-ladis.at\\\/en\\\/private-spa-naturlodge-4\\\/\"},\"wordCount\":5,\"publisher\":{\"@id\":\"https:\\\/\\\/alpenresorts-ladis.at\\\/#organization\"},\"image\":{\"@id\":\"https:\\\/\\\/alpenresorts-ladis.at\\\/en\\\/private-spa-naturlodge-4\\\/#primaryimage\"},\"thumbnailUrl\":\"https:\\\/\\\/alpenresorts-ladis.at\\\/wp-content\\\/uploads\\\/2023\\\/11\\\/Alpenresorts_Ladis_Naturlodge_2024_074-1.jpg\",\"articleSection\":[\"Features\",\"Nature Lodge features\"],\"inLanguage\":\"en-US\"},{\"@type\":\"WebPage\",\"@id\":\"https:\\\/\\\/alpenresorts-ladis.at\\\/en\\\/private-spa-naturlodge-4\\\/\",\"url\":\"https:\\\/\\\/alpenresorts-ladis.at\\\/en\\\/private-spa-naturlodge-4\\\/\",\"name\":\"Garden lodge with access to panoramic terrace\",\"isPartOf\":{\"@id\":\"https:\\\/\\\/alpenresorts-ladis.at\\\/#website\"},\"primaryImageOfPage\":{\"@id\":\"https:\\\/\\\/alpenresorts-ladis.at\\\/en\\\/private-spa-naturlodge-4\\\/#primaryimage\"},\"image\":{\"@id\":\"https:\\\/\\\/alpenresorts-ladis.at\\\/en\\\/private-spa-naturlodge-4\\\/#primaryimage\"},\"thumbnailUrl\":\"https:\\\/\\\/alpenresorts-ladis.at\\\/wp-content\\\/uploads\\\/2023\\\/11\\\/Alpenresorts_Ladis_Naturlodge_2024_074-1.jpg\",\"datePublished\":\"2025-01-07T15:11:34+00:00\",\"dateModified\":\"2025-11-05T07:56:57+00:00\",\"description\":\"The garden lodge in our nature lodge is a very special highlight for exclusive relaxation. Direct access to the panoramic terrace.\",\"breadcrumb\":{\"@id\":\"https:\\\/\\\/alpenresorts-ladis.at\\\/en\\\/private-spa-naturlodge-4\\\/#breadcrumb\"},\"inLanguage\":\"en-US\",\"potentialAction\":[{\"@type\":\"ReadAction\",\"target\":[\"https:\\\/\\\/alpenresorts-ladis.at\\\/en\\\/private-spa-naturlodge-4\\\/\"]}]},{\"@type\":\"ImageObject\",\"inLanguage\":\"en-US\",\"@id\":\"https:\\\/\\\/alpenresorts-ladis.at\\\/en\\\/private-spa-naturlodge-4\\\/#primaryimage\",\"url\":\"https:\\\/\\\/alpenresorts-ladis.at\\\/wp-content\\\/uploads\\\/2023\\\/11\\\/Alpenresorts_Ladis_Naturlodge_2024_074-1.jpg\",\"contentUrl\":\"https:\\\/\\\/alpenresorts-ladis.at\\\/wp-content\\\/uploads\\\/2023\\\/11\\\/Alpenresorts_Ladis_Naturlodge_2024_074-1.jpg\",\"width\":1000,\"height\":1000,\"caption\":\"A cozy, modern living room in the New Apartment Gartenlodge in Ladis features a wooden ceiling, a corner seating area around a wooden table, gray cushioned chairs, a wall-mounted TV, and a wood-burning stove. The softly lit room enhances the rustic decor.\"},{\"@type\":\"BreadcrumbList\",\"@id\":\"https:\\\/\\\/alpenresorts-ladis.at\\\/en\\\/private-spa-naturlodge-4\\\/#breadcrumb\",\"itemListElement\":[{\"@type\":\"ListItem\",\"position\":1,\"name\":\"Startseite\",\"item\":\"https:\\\/\\\/alpenresorts-ladis.at\\\/\"},{\"@type\":\"ListItem\",\"position\":2,\"name\":\"Garden lodge close to nature\"}]},{\"@type\":\"WebSite\",\"@id\":\"https:\\\/\\\/alpenresorts-ladis.at\\\/#website\",\"url\":\"https:\\\/\\\/alpenresorts-ladis.at\\\/\",\"name\":\"Alpenresorts Ladis\",\"description\":\"Deine Unterk\u00fcnfte in Ladis\",\"publisher\":{\"@id\":\"https:\\\/\\\/alpenresorts-ladis.at\\\/#organization\"},\"potentialAction\":[{\"@type\":\"SearchAction\",\"target\":{\"@type\":\"EntryPoint\",\"urlTemplate\":\"https:\\\/\\\/alpenresorts-ladis.at\\\/?s={search_term_string}\"},\"query-input\":{\"@type\":\"PropertyValueSpecification\",\"valueRequired\":true,\"valueName\":\"search_term_string\"}}],\"inLanguage\":\"en-US\"},{\"@type\":\"Organization\",\"@id\":\"https:\\\/\\\/alpenresorts-ladis.at\\\/#organization\",\"name\":\"Alpenresorts Ladis\",\"url\":\"https:\\\/\\\/alpenresorts-ladis.at\\\/\",\"logo\":{\"@type\":\"ImageObject\",\"inLanguage\":\"en-US\",\"@id\":\"https:\\\/\\\/alpenresorts-ladis.at\\\/#\\\/schema\\\/logo\\\/image\\\/\",\"url\":\"https:\\\/\\\/alpenresorts-ladis.at\\\/wp-content\\\/uploads\\\/2023\\\/08\\\/Logos_Alpenresorts-Ladis_2023_RGB.png\",\"contentUrl\":\"https:\\\/\\\/alpenresorts-ladis.at\\\/wp-content\\\/uploads\\\/2023\\\/08\\\/Logos_Alpenresorts-Ladis_2023_RGB.png\",\"width\":400,\"height\":400,\"caption\":\"Alpenresorts Ladis\"},\"image\":{\"@id\":\"https:\\\/\\\/alpenresorts-ladis.at\\\/#\\\/schema\\\/logo\\\/image\\\/\"}},{\"@type\":\"Person\",\"@id\":\"https:\\\/\\\/alpenresorts-ladis.at\\\/#\\\/schema\\\/person\\\/e69c77c36de4263ba5faf0885ebc7970\",\"name\":\"admin\",\"sameAs\":[\"https:\\\/\\\/alpenresorts-ladis.at\"],\"url\":\"https:\\\/\\\/alpenresorts-ladis.at\\\/en\\\/author\\\/info_6ooqnjab\\\/\"}]}<\/script>\n<!-- \/ Yoast SEO Premium plugin. -->","yoast_head_json":{"title":"Garden lodge with access to panoramic terrace","description":"The garden lodge in our nature lodge is a very special highlight for exclusive relaxation. Direct access to the panoramic terrace.","robots":{"index":"index","follow":"follow","max-snippet":"max-snippet:-1","max-image-preview":"max-image-preview:large","max-video-preview":"max-video-preview:-1"},"canonical":"https:\/\/alpenresorts-ladis.at\/en\/private-spa-naturlodge-4\/","og_locale":"en_US","og_type":"article","og_title":"Garden lodge close to nature","og_description":"The garden lodge in our nature lodge is a very special highlight for exclusive relaxation. Direct access to the panoramic terrace.","og_url":"https:\/\/alpenresorts-ladis.at\/en\/private-spa-naturlodge-4\/","og_site_name":"Alpenresorts Ladis","article_published_time":"2025-01-07T15:11:34+00:00","article_modified_time":"2025-11-05T07:56:57+00:00","og_image":[{"width":1000,"height":1000,"url":"https:\/\/alpenresorts-ladis.at\/wp-content\/uploads\/2023\/11\/Alpenresorts_Ladis_Naturlodge_2024_074-1.jpg","type":"image\/jpeg"}],"author":"admin","twitter_card":"summary_large_image","twitter_misc":{"Written by":"admin"},"schema":{"@context":"https:\/\/schema.org","@graph":[{"@type":"Article","@id":"https:\/\/alpenresorts-ladis.at\/en\/private-spa-naturlodge-4\/#article","isPartOf":{"@id":"https:\/\/alpenresorts-ladis.at\/en\/private-spa-naturlodge-4\/"},"author":{"name":"admin","@id":"https:\/\/alpenresorts-ladis.at\/#\/schema\/person\/e69c77c36de4263ba5faf0885ebc7970"},"headline":"Garden lodge close to nature","datePublished":"2025-01-07T15:11:34+00:00","dateModified":"2025-11-05T07:56:57+00:00","mainEntityOfPage":{"@id":"https:\/\/alpenresorts-ladis.at\/en\/private-spa-naturlodge-4\/"},"wordCount":5,"publisher":{"@id":"https:\/\/alpenresorts-ladis.at\/#organization"},"image":{"@id":"https:\/\/alpenresorts-ladis.at\/en\/private-spa-naturlodge-4\/#primaryimage"},"thumbnailUrl":"https:\/\/alpenresorts-ladis.at\/wp-content\/uploads\/2023\/11\/Alpenresorts_Ladis_Naturlodge_2024_074-1.jpg","articleSection":["Features","Nature Lodge features"],"inLanguage":"en-US"},{"@type":"WebPage","@id":"https:\/\/alpenresorts-ladis.at\/en\/private-spa-naturlodge-4\/","url":"https:\/\/alpenresorts-ladis.at\/en\/private-spa-naturlodge-4\/","name":"Garden lodge with access to panoramic terrace","isPartOf":{"@id":"https:\/\/alpenresorts-ladis.at\/#website"},"primaryImageOfPage":{"@id":"https:\/\/alpenresorts-ladis.at\/en\/private-spa-naturlodge-4\/#primaryimage"},"image":{"@id":"https:\/\/alpenresorts-ladis.at\/en\/private-spa-naturlodge-4\/#primaryimage"},"thumbnailUrl":"https:\/\/alpenresorts-ladis.at\/wp-content\/uploads\/2023\/11\/Alpenresorts_Ladis_Naturlodge_2024_074-1.jpg","datePublished":"2025-01-07T15:11:34+00:00","dateModified":"2025-11-05T07:56:57+00:00","description":"The garden lodge in our nature lodge is a very special highlight for exclusive relaxation. Direct access to the panoramic terrace.","breadcrumb":{"@id":"https:\/\/alpenresorts-ladis.at\/en\/private-spa-naturlodge-4\/#breadcrumb"},"inLanguage":"en-US","potentialAction":[{"@type":"ReadAction","target":["https:\/\/alpenresorts-ladis.at\/en\/private-spa-naturlodge-4\/"]}]},{"@type":"ImageObject","inLanguage":"en-US","@id":"https:\/\/alpenresorts-ladis.at\/en\/private-spa-naturlodge-4\/#primaryimage","url":"https:\/\/alpenresorts-ladis.at\/wp-content\/uploads\/2023\/11\/Alpenresorts_Ladis_Naturlodge_2024_074-1.jpg","contentUrl":"https:\/\/alpenresorts-ladis.at\/wp-content\/uploads\/2023\/11\/Alpenresorts_Ladis_Naturlodge_2024_074-1.jpg","width":1000,"height":1000,"caption":"A cozy, modern living room in the New Apartment Gartenlodge in Ladis features a wooden ceiling, a corner seating area around a wooden table, gray cushioned chairs, a wall-mounted TV, and a wood-burning stove. The softly lit room enhances the rustic decor."},{"@type":"BreadcrumbList","@id":"https:\/\/alpenresorts-ladis.at\/en\/private-spa-naturlodge-4\/#breadcrumb","itemListElement":[{"@type":"ListItem","position":1,"name":"Startseite","item":"https:\/\/alpenresorts-ladis.at\/"},{"@type":"ListItem","position":2,"name":"Garden lodge close to nature"}]},{"@type":"WebSite","@id":"https:\/\/alpenresorts-ladis.at\/#website","url":"https:\/\/alpenresorts-ladis.at\/","name":"Alpenresorts Ladis","description":"Deine Unterk\u00fcnfte in Ladis","publisher":{"@id":"https:\/\/alpenresorts-ladis.at\/#organization"},"potentialAction":[{"@type":"SearchAction","target":{"@type":"EntryPoint","urlTemplate":"https:\/\/alpenresorts-ladis.at\/?s={search_term_string}"},"query-input":{"@type":"PropertyValueSpecification","valueRequired":true,"valueName":"search_term_string"}}],"inLanguage":"en-US"},{"@type":"Organization","@id":"https:\/\/alpenresorts-ladis.at\/#organization","name":"Alpenresorts Ladis","url":"https:\/\/alpenresorts-ladis.at\/","logo":{"@type":"ImageObject","inLanguage":"en-US","@id":"https:\/\/alpenresorts-ladis.at\/#\/schema\/logo\/image\/","url":"https:\/\/alpenresorts-ladis.at\/wp-content\/uploads\/2023\/08\/Logos_Alpenresorts-Ladis_2023_RGB.png","contentUrl":"https:\/\/alpenresorts-ladis.at\/wp-content\/uploads\/2023\/08\/Logos_Alpenresorts-Ladis_2023_RGB.png","width":400,"height":400,"caption":"Alpenresorts Ladis"},"image":{"@id":"https:\/\/alpenresorts-ladis.at\/#\/schema\/logo\/image\/"}},{"@type":"Person","@id":"https:\/\/alpenresorts-ladis.at\/#\/schema\/person\/e69c77c36de4263ba5faf0885ebc7970","name":"admin","sameAs":["https:\/\/alpenresorts-ladis.at"],"url":"https:\/\/alpenresorts-ladis.at\/en\/author\/info_6ooqnjab\/"}]}},"acf":[],"_links":{"self":[{"href":"https:\/\/alpenresorts-ladis.at\/en\/wp-json\/wp\/v2\/posts\/11555","targetHints":{"allow":["GET"]}}],"collection":[{"href":"https:\/\/alpenresorts-ladis.at\/en\/wp-json\/wp\/v2\/posts"}],"about":[{"href":"https:\/\/alpenresorts-ladis.at\/en\/wp-json\/wp\/v2\/types\/post"}],"author":[{"embeddable":true,"href":"https:\/\/alpenresorts-ladis.at\/en\/wp-json\/wp\/v2\/users\/6"}],"replies":[{"embeddable":true,"href":"https:\/\/alpenresorts-ladis.at\/en\/wp-json\/wp\/v2\/comments?post=11555"}],"version-history":[{"count":8,"href":"https:\/\/alpenresorts-ladis.at\/en\/wp-json\/wp\/v2\/posts\/11555\/revisions"}],"predecessor-version":[{"id":12620,"href":"https:\/\/alpenresorts-ladis.at\/en\/wp-json\/wp\/v2\/posts\/11555\/revisions\/12620"}],"wp:featuredmedia":[{"embeddable":true,"href":"https:\/\/alpenresorts-ladis.at\/en\/wp-json\/wp\/v2\/media\/9572"}],"wp:attachment":[{"href":"https:\/\/alpenresorts-ladis.at\/en\/wp-json\/wp\/v2\/media?parent=11555"}],"wp:term":[{"taxonomy":"category","embeddable":true,"href":"https:\/\/alpenresorts-ladis.at\/en\/wp-json\/wp\/v2\/categories?post=11555"},{"taxonomy":"post_tag","embeddable":true,"href":"https:\/\/alpenresorts-ladis.at\/en\/wp-json\/wp\/v2\/tags?post=11555"}],"curies":[{"name":"wp","href":"https:\/\/api.w.org\/{rel}","templated":true}]}}