{"id":7670,"date":"2023-12-11T09:04:50","date_gmt":"2023-12-11T09:04:50","guid":{"rendered":"https:\/\/alpenresorts-ladis.at\/anna-lena-deluxe-private-sauna\/"},"modified":"2024-03-25T13:11:19","modified_gmt":"2024-03-25T13:11:19","slug":"anna-lena-deluxe-private-sauna","status":"publish","type":"post","link":"https:\/\/alpenresorts-ladis.at\/en\/anna-lena-deluxe-private-sauna\/","title":{"rendered":"Anna-Lena Deluxe private sauna"},"content":{"rendered":"\t\t<div data-elementor-type=\"wp-post\" data-elementor-id=\"7670\" class=\"elementor elementor-7670 elementor-2674\" data-elementor-post-type=\"post\">\n\t\t\t\t<div class=\"elementor-element elementor-element-18aa578 e-flex e-con-boxed e-con e-parent\" data-id=\"18aa578\" data-element_type=\"container\" data-e-type=\"container\">\n\t\t\t\t\t<div class=\"e-con-inner\">\n\t\t\t\t<div class=\"elementor-element elementor-element-4aa40fa3 uael-img-grid-tablet_extra__column-4 uael-img-grid-tablet__column-4 uael-img-grid__column-3 uael-img-grid-mobile__column-2 uael-ins-normal elementor-widget elementor-widget-uael-image-gallery\" data-id=\"4aa40fa3\" data-element_type=\"widget\" data-e-type=\"widget\" data-settings=\"{&quot;gallery_columns_tablet_extra&quot;:&quot;4&quot;,&quot;gallery_columns_tablet&quot;:&quot;4&quot;,&quot;gallery_columns&quot;:&quot;3&quot;,&quot;gallery_columns_mobile&quot;:&quot;2&quot;,&quot;column_gap&quot;:{&quot;unit&quot;:&quot;px&quot;,&quot;size&quot;:20,&quot;sizes&quot;:[]},&quot;column_gap_laptop&quot;:{&quot;unit&quot;:&quot;px&quot;,&quot;size&quot;:&quot;&quot;,&quot;sizes&quot;:[]},&quot;column_gap_tablet_extra&quot;:{&quot;unit&quot;:&quot;px&quot;,&quot;size&quot;:&quot;&quot;,&quot;sizes&quot;:[]},&quot;column_gap_tablet&quot;:{&quot;unit&quot;:&quot;px&quot;,&quot;size&quot;:&quot;&quot;,&quot;sizes&quot;:[]},&quot;column_gap_mobile_extra&quot;:{&quot;unit&quot;:&quot;px&quot;,&quot;size&quot;:&quot;&quot;,&quot;sizes&quot;:[]},&quot;column_gap_mobile&quot;:{&quot;unit&quot;:&quot;px&quot;,&quot;size&quot;:&quot;&quot;,&quot;sizes&quot;:[]},&quot;row_gap&quot;:{&quot;unit&quot;:&quot;px&quot;,&quot;size&quot;:20,&quot;sizes&quot;:[]},&quot;row_gap_laptop&quot;:{&quot;unit&quot;:&quot;px&quot;,&quot;size&quot;:&quot;&quot;,&quot;sizes&quot;:[]},&quot;row_gap_tablet_extra&quot;:{&quot;unit&quot;:&quot;px&quot;,&quot;size&quot;:&quot;&quot;,&quot;sizes&quot;:[]},&quot;row_gap_tablet&quot;:{&quot;unit&quot;:&quot;px&quot;,&quot;size&quot;:&quot;&quot;,&quot;sizes&quot;:[]},&quot;row_gap_mobile_extra&quot;:{&quot;unit&quot;:&quot;px&quot;,&quot;size&quot;:&quot;&quot;,&quot;sizes&quot;:[]},&quot;row_gap_mobile&quot;:{&quot;unit&quot;:&quot;px&quot;,&quot;size&quot;:&quot;&quot;,&quot;sizes&quot;:[]}}\" data-widget_type=\"uael-image-gallery.default\">\n\t\t\t\t<div class=\"elementor-widget-container\">\n\t\t\t\t\t<div class=\"uael-gallery-parent uael-caption- uael-gallery-unjustified\"><div class=\"uael-img-gallery-wrap uael-img-masonry-wrap uael-img-grid-masonry-wrap uael-masonry uael-image-lightbox-wrap\" data-filter-default=\"All\" data-lightbox_actions=\"[&quot;close&quot;]\" data-lightbox-gallery-loop=\"\"><div class=\"uael-grid-item  uael-img-gallery-item-1\"><div class=\"uael-grid-item-content\"><a class=\"uael-grid-img uael-grid-gallery-img uael-ins-hover elementor-clickable\" data-fancybox=\"uael-gallery\" href=\"https:\/\/alpenresorts-ladis.at\/wp-content\/uploads\/2023\/12\/Alpenresorts-Ladis-Besonderheiten-Alpenapart-GartenSpa-03.jpg\" data-elementor-open-lightbox=\"no\"><div class=\"uael-grid-img-thumbnail uael-ins-target\"><img fetchpriority=\"high\" decoding=\"async\" width=\"333\" height=\"333\" src=\"https:\/\/alpenresorts-ladis.at\/wp-content\/uploads\/2023\/12\/Alpenresorts-Ladis-Besonderheiten-Alpenapart-GartenSpa-03.jpg\" class=\"attachment-full size-full wp-image-2677\" alt=\"Ein gem\u00fctlicher Au\u00dfenbalkon mit Korbstuhl und Tisch mit Blick auf schneebedeckte Berge unter einem klaren blauen Himmel. Sonnenlicht f\u00e4llt auf den gefliesten Boden und vervollst\u00e4ndigt die ruhige Zuflucht, nur wenige Schritte von Ihrer privaten Au\u00dfensauna in Ladis entfernt, wo Sie sich optimal entspannen k\u00f6nnen.\" srcset=\"https:\/\/alpenresorts-ladis.at\/wp-content\/uploads\/2023\/12\/Alpenresorts-Ladis-Besonderheiten-Alpenapart-GartenSpa-03.jpg 333w, https:\/\/alpenresorts-ladis.at\/wp-content\/uploads\/2023\/12\/Alpenresorts-Ladis-Besonderheiten-Alpenapart-GartenSpa-03-300x300.jpg 300w, https:\/\/alpenresorts-ladis.at\/wp-content\/uploads\/2023\/12\/Alpenresorts-Ladis-Besonderheiten-Alpenapart-GartenSpa-03-150x150.jpg 150w\" sizes=\"(max-width: 333px) 100vw, 333px\" \/><\/div><div class=\"uael-grid-img-overlay\"><\/div><\/a><\/div><\/div><div class=\"uael-grid-item  uael-img-gallery-item-2\"><div class=\"uael-grid-item-content\"><a class=\"uael-grid-img uael-grid-gallery-img uael-ins-hover elementor-clickable\" data-fancybox=\"uael-gallery\" href=\"https:\/\/alpenresorts-ladis.at\/wp-content\/uploads\/2023\/12\/Alpenresorts-Ladis-Besonderheiten-Alpenapart-GartenSpa-02.jpg\" data-elementor-open-lightbox=\"no\"><div class=\"uael-grid-img-thumbnail uael-ins-target\"><img decoding=\"async\" width=\"333\" height=\"501\" src=\"https:\/\/alpenresorts-ladis.at\/wp-content\/uploads\/2023\/12\/Alpenresorts-Ladis-Besonderheiten-Alpenapart-GartenSpa-02.jpg\" class=\"attachment-full size-full wp-image-2676\" alt=\"Eine Frau mit Handtuch sitzt auf einer Holzbank in einer privaten Au\u00dfensauna in Ladis und blickt aus der Glast\u00fcr. Drau\u00dfen rahmen B\u00e4ume den Blick auf die Geb\u00e4ude in der Ferne ein. Die gem\u00fctliche Sauna ist mit Holz ausgekleidet und verf\u00fcgt im Vordergrund \u00fcber einen Ofen mit Steinen, der ultimative Entspannung verspricht.\" srcset=\"https:\/\/alpenresorts-ladis.at\/wp-content\/uploads\/2023\/12\/Alpenresorts-Ladis-Besonderheiten-Alpenapart-GartenSpa-02.jpg 333w, https:\/\/alpenresorts-ladis.at\/wp-content\/uploads\/2023\/12\/Alpenresorts-Ladis-Besonderheiten-Alpenapart-GartenSpa-02-199x300.jpg 199w\" sizes=\"(max-width: 333px) 100vw, 333px\" \/><\/div><div class=\"uael-grid-img-overlay\"><\/div><\/a><\/div><\/div><div class=\"uael-grid-item  uael-img-gallery-item-3\"><div class=\"uael-grid-item-content\"><a class=\"uael-grid-img uael-grid-gallery-img uael-ins-hover elementor-clickable\" data-fancybox=\"uael-gallery\" href=\"https:\/\/alpenresorts-ladis.at\/wp-content\/uploads\/2023\/12\/Alpenresorts-Ladis-Besonderheiten-Alpenapart-GartenSpa-01.jpg\" data-elementor-open-lightbox=\"no\"><div class=\"uael-grid-img-thumbnail uael-ins-target\"><img decoding=\"async\" width=\"966\" height=\"966\" src=\"https:\/\/alpenresorts-ladis.at\/wp-content\/uploads\/2023\/12\/Alpenresorts-Ladis-Besonderheiten-Alpenapart-GartenSpa-01.jpg\" class=\"attachment-full size-full wp-image-2675\" alt=\"Eine gem\u00fctliche Holzt\u00fcr mit Glasscheibe spiegelt Berge und einen Balkon im Freien wider. Auf einem rustikalen Schild steht \u201eAlpen Resorts Lar... Deluxe\u201c. In der N\u00e4he entdecken Sie die private Au\u00dfensauna in Ladis. Neben der T\u00fcr steht ein gr\u00fcner, gepolsterter Stuhl mit Fell\u00fcberwurf, umgeben von gesprenkeltem Sonnenlicht.\" srcset=\"https:\/\/alpenresorts-ladis.at\/wp-content\/uploads\/2023\/12\/Alpenresorts-Ladis-Besonderheiten-Alpenapart-GartenSpa-01.jpg 966w, https:\/\/alpenresorts-ladis.at\/wp-content\/uploads\/2023\/12\/Alpenresorts-Ladis-Besonderheiten-Alpenapart-GartenSpa-01-300x300.jpg 300w, https:\/\/alpenresorts-ladis.at\/wp-content\/uploads\/2023\/12\/Alpenresorts-Ladis-Besonderheiten-Alpenapart-GartenSpa-01-150x150.jpg 150w, https:\/\/alpenresorts-ladis.at\/wp-content\/uploads\/2023\/12\/Alpenresorts-Ladis-Besonderheiten-Alpenapart-GartenSpa-01-768x768.jpg 768w\" sizes=\"(max-width: 966px) 100vw, 966px\" \/><\/div><div class=\"uael-grid-img-overlay\"><\/div><\/a><\/div><\/div><\/div><\/div>\t\t\t\t<\/div>\n\t\t\t\t<\/div>\n\t\t\t\t\t<\/div>\n\t\t\t\t<\/div>\n\t\t\t\t<\/div>\n\t\t","protected":false},"excerpt":{"rendered":"<p>Our Anna-Lena Deluxe in the Alpenapart features a private outdoor sauna for ultimate relaxation. Enjoy the cozy warmth of the Finnish sauna, indulge your senses, and enjoy the peace and quiet of your own private wellness area.<\/p>\n","protected":false},"author":6,"featured_media":7028,"comment_status":"closed","ping_status":"closed","sticky":false,"template":"","format":"standard","meta":{"_acf_changed":false,"footnotes":""},"categories":[54,51],"tags":[53],"class_list":["post-7670","post","type-post","status-publish","format-standard","has-post-thumbnail","hentry","category-alpine-apartment-features","category-features","tag-wellness-en"],"yoast_head":"<!-- This site is optimized with the Yoast SEO Premium plugin v22.3 (Yoast SEO v27.5) - https:\/\/yoast.com\/product\/yoast-seo-premium-wordpress\/ -->\n<title>Maximum relaxation in the private outdoor sauna in Ladis<\/title>\n<meta name=\"description\" content=\"Find out more about the private outdoor sauna in the Anna-Lena Deluxe in the Alpenapart Ladis. Privacy and comfort in a single location.\" \/>\n<meta name=\"robots\" content=\"index, follow, max-snippet:-1, max-image-preview:large, max-video-preview:-1\" \/>\n<link rel=\"canonical\" href=\"https:\/\/alpenresorts-ladis.at\/en\/anna-lena-deluxe-private-sauna\/\" \/>\n<meta property=\"og:locale\" content=\"en_US\" \/>\n<meta property=\"og:type\" content=\"article\" \/>\n<meta property=\"og:title\" content=\"Anna-Lena Deluxe private sauna\" \/>\n<meta property=\"og:description\" content=\"Find out more about the private outdoor sauna in the Anna-Lena Deluxe in the Alpenapart Ladis. Privacy and comfort in a single location.\" \/>\n<meta property=\"og:url\" content=\"https:\/\/alpenresorts-ladis.at\/en\/anna-lena-deluxe-private-sauna\/\" \/>\n<meta property=\"og:site_name\" content=\"Alpenresorts Ladis\" \/>\n<meta property=\"article:published_time\" content=\"2023-12-11T09:04:50+00:00\" \/>\n<meta property=\"article:modified_time\" content=\"2024-03-25T13:11:19+00:00\" \/>\n<meta property=\"og:image\" content=\"https:\/\/alpenresorts-ladis.at\/wp-content\/uploads\/2023\/12\/Alpenresorts-Ladis-Besonderheiten-Alpenapart-GartenSpa-01.jpg\" \/>\n\t<meta property=\"og:image:width\" content=\"966\" \/>\n\t<meta property=\"og:image:height\" content=\"966\" \/>\n\t<meta property=\"og:image:type\" content=\"image\/jpeg\" \/>\n<meta name=\"author\" content=\"admin\" \/>\n<meta name=\"twitter:card\" content=\"summary_large_image\" \/>\n<meta name=\"twitter:label1\" content=\"Written by\" \/>\n\t<meta name=\"twitter:data1\" content=\"admin\" \/>\n<script type=\"application\/ld+json\" class=\"yoast-schema-graph\">{\"@context\":\"https:\\\/\\\/schema.org\",\"@graph\":[{\"@type\":\"Article\",\"@id\":\"https:\\\/\\\/alpenresorts-ladis.at\\\/en\\\/anna-lena-deluxe-private-sauna\\\/#article\",\"isPartOf\":{\"@id\":\"https:\\\/\\\/alpenresorts-ladis.at\\\/en\\\/anna-lena-deluxe-private-sauna\\\/\"},\"author\":{\"name\":\"admin\",\"@id\":\"https:\\\/\\\/alpenresorts-ladis.at\\\/#\\\/schema\\\/person\\\/e69c77c36de4263ba5faf0885ebc7970\"},\"headline\":\"Anna-Lena Deluxe private sauna\",\"datePublished\":\"2023-12-11T09:04:50+00:00\",\"dateModified\":\"2024-03-25T13:11:19+00:00\",\"mainEntityOfPage\":{\"@id\":\"https:\\\/\\\/alpenresorts-ladis.at\\\/en\\\/anna-lena-deluxe-private-sauna\\\/\"},\"wordCount\":4,\"publisher\":{\"@id\":\"https:\\\/\\\/alpenresorts-ladis.at\\\/#organization\"},\"image\":{\"@id\":\"https:\\\/\\\/alpenresorts-ladis.at\\\/en\\\/anna-lena-deluxe-private-sauna\\\/#primaryimage\"},\"thumbnailUrl\":\"https:\\\/\\\/alpenresorts-ladis.at\\\/wp-content\\\/uploads\\\/2023\\\/12\\\/Alpenresorts-Ladis-Besonderheiten-Alpenapart-GartenSpa-01.jpg\",\"keywords\":[\"Wellness\"],\"articleSection\":[\"Alpine Apartment features\",\"Features\"],\"inLanguage\":\"en-US\"},{\"@type\":\"WebPage\",\"@id\":\"https:\\\/\\\/alpenresorts-ladis.at\\\/en\\\/anna-lena-deluxe-private-sauna\\\/\",\"url\":\"https:\\\/\\\/alpenresorts-ladis.at\\\/en\\\/anna-lena-deluxe-private-sauna\\\/\",\"name\":\"Maximum relaxation in the private outdoor sauna in Ladis\",\"isPartOf\":{\"@id\":\"https:\\\/\\\/alpenresorts-ladis.at\\\/#website\"},\"primaryImageOfPage\":{\"@id\":\"https:\\\/\\\/alpenresorts-ladis.at\\\/en\\\/anna-lena-deluxe-private-sauna\\\/#primaryimage\"},\"image\":{\"@id\":\"https:\\\/\\\/alpenresorts-ladis.at\\\/en\\\/anna-lena-deluxe-private-sauna\\\/#primaryimage\"},\"thumbnailUrl\":\"https:\\\/\\\/alpenresorts-ladis.at\\\/wp-content\\\/uploads\\\/2023\\\/12\\\/Alpenresorts-Ladis-Besonderheiten-Alpenapart-GartenSpa-01.jpg\",\"datePublished\":\"2023-12-11T09:04:50+00:00\",\"dateModified\":\"2024-03-25T13:11:19+00:00\",\"description\":\"Find out more about the private outdoor sauna in the Anna-Lena Deluxe in the Alpenapart Ladis. Privacy and comfort in a single location.\",\"breadcrumb\":{\"@id\":\"https:\\\/\\\/alpenresorts-ladis.at\\\/en\\\/anna-lena-deluxe-private-sauna\\\/#breadcrumb\"},\"inLanguage\":\"en-US\",\"potentialAction\":[{\"@type\":\"ReadAction\",\"target\":[\"https:\\\/\\\/alpenresorts-ladis.at\\\/en\\\/anna-lena-deluxe-private-sauna\\\/\"]}]},{\"@type\":\"ImageObject\",\"inLanguage\":\"en-US\",\"@id\":\"https:\\\/\\\/alpenresorts-ladis.at\\\/en\\\/anna-lena-deluxe-private-sauna\\\/#primaryimage\",\"url\":\"https:\\\/\\\/alpenresorts-ladis.at\\\/wp-content\\\/uploads\\\/2023\\\/12\\\/Alpenresorts-Ladis-Besonderheiten-Alpenapart-GartenSpa-01.jpg\",\"contentUrl\":\"https:\\\/\\\/alpenresorts-ladis.at\\\/wp-content\\\/uploads\\\/2023\\\/12\\\/Alpenresorts-Ladis-Besonderheiten-Alpenapart-GartenSpa-01.jpg\",\"width\":966,\"height\":966,\"caption\":\"A cozy outdoor seating area features a green cushioned chair with a fur throw, next to a wooden door with a window. A sign above reads Alpen Resorts LADIS Deluxe. Sunlight and shadows create a warm, inviting atmosphere. Snow-capped mountains are visible.\"},{\"@type\":\"BreadcrumbList\",\"@id\":\"https:\\\/\\\/alpenresorts-ladis.at\\\/en\\\/anna-lena-deluxe-private-sauna\\\/#breadcrumb\",\"itemListElement\":[{\"@type\":\"ListItem\",\"position\":1,\"name\":\"Startseite\",\"item\":\"https:\\\/\\\/alpenresorts-ladis.at\\\/\"},{\"@type\":\"ListItem\",\"position\":2,\"name\":\"Anna-Lena Deluxe private sauna\"}]},{\"@type\":\"WebSite\",\"@id\":\"https:\\\/\\\/alpenresorts-ladis.at\\\/#website\",\"url\":\"https:\\\/\\\/alpenresorts-ladis.at\\\/\",\"name\":\"Alpenresorts Ladis\",\"description\":\"Deine Unterk\u00fcnfte in Ladis\",\"publisher\":{\"@id\":\"https:\\\/\\\/alpenresorts-ladis.at\\\/#organization\"},\"potentialAction\":[{\"@type\":\"SearchAction\",\"target\":{\"@type\":\"EntryPoint\",\"urlTemplate\":\"https:\\\/\\\/alpenresorts-ladis.at\\\/?s={search_term_string}\"},\"query-input\":{\"@type\":\"PropertyValueSpecification\",\"valueRequired\":true,\"valueName\":\"search_term_string\"}}],\"inLanguage\":\"en-US\"},{\"@type\":\"Organization\",\"@id\":\"https:\\\/\\\/alpenresorts-ladis.at\\\/#organization\",\"name\":\"Alpenresorts Ladis\",\"url\":\"https:\\\/\\\/alpenresorts-ladis.at\\\/\",\"logo\":{\"@type\":\"ImageObject\",\"inLanguage\":\"en-US\",\"@id\":\"https:\\\/\\\/alpenresorts-ladis.at\\\/#\\\/schema\\\/logo\\\/image\\\/\",\"url\":\"https:\\\/\\\/alpenresorts-ladis.at\\\/wp-content\\\/uploads\\\/2023\\\/08\\\/Logos_Alpenresorts-Ladis_2023_RGB.png\",\"contentUrl\":\"https:\\\/\\\/alpenresorts-ladis.at\\\/wp-content\\\/uploads\\\/2023\\\/08\\\/Logos_Alpenresorts-Ladis_2023_RGB.png\",\"width\":400,\"height\":400,\"caption\":\"Alpenresorts Ladis\"},\"image\":{\"@id\":\"https:\\\/\\\/alpenresorts-ladis.at\\\/#\\\/schema\\\/logo\\\/image\\\/\"}},{\"@type\":\"Person\",\"@id\":\"https:\\\/\\\/alpenresorts-ladis.at\\\/#\\\/schema\\\/person\\\/e69c77c36de4263ba5faf0885ebc7970\",\"name\":\"admin\",\"sameAs\":[\"https:\\\/\\\/alpenresorts-ladis.at\"],\"url\":\"https:\\\/\\\/alpenresorts-ladis.at\\\/en\\\/author\\\/info_6ooqnjab\\\/\"}]}<\/script>\n<!-- \/ Yoast SEO Premium plugin. -->","yoast_head_json":{"title":"Maximum relaxation in the private outdoor sauna in Ladis","description":"Find out more about the private outdoor sauna in the Anna-Lena Deluxe in the Alpenapart Ladis. Privacy and comfort in a single location.","robots":{"index":"index","follow":"follow","max-snippet":"max-snippet:-1","max-image-preview":"max-image-preview:large","max-video-preview":"max-video-preview:-1"},"canonical":"https:\/\/alpenresorts-ladis.at\/en\/anna-lena-deluxe-private-sauna\/","og_locale":"en_US","og_type":"article","og_title":"Anna-Lena Deluxe private sauna","og_description":"Find out more about the private outdoor sauna in the Anna-Lena Deluxe in the Alpenapart Ladis. Privacy and comfort in a single location.","og_url":"https:\/\/alpenresorts-ladis.at\/en\/anna-lena-deluxe-private-sauna\/","og_site_name":"Alpenresorts Ladis","article_published_time":"2023-12-11T09:04:50+00:00","article_modified_time":"2024-03-25T13:11:19+00:00","og_image":[{"width":966,"height":966,"url":"https:\/\/alpenresorts-ladis.at\/wp-content\/uploads\/2023\/12\/Alpenresorts-Ladis-Besonderheiten-Alpenapart-GartenSpa-01.jpg","type":"image\/jpeg"}],"author":"admin","twitter_card":"summary_large_image","twitter_misc":{"Written by":"admin"},"schema":{"@context":"https:\/\/schema.org","@graph":[{"@type":"Article","@id":"https:\/\/alpenresorts-ladis.at\/en\/anna-lena-deluxe-private-sauna\/#article","isPartOf":{"@id":"https:\/\/alpenresorts-ladis.at\/en\/anna-lena-deluxe-private-sauna\/"},"author":{"name":"admin","@id":"https:\/\/alpenresorts-ladis.at\/#\/schema\/person\/e69c77c36de4263ba5faf0885ebc7970"},"headline":"Anna-Lena Deluxe private sauna","datePublished":"2023-12-11T09:04:50+00:00","dateModified":"2024-03-25T13:11:19+00:00","mainEntityOfPage":{"@id":"https:\/\/alpenresorts-ladis.at\/en\/anna-lena-deluxe-private-sauna\/"},"wordCount":4,"publisher":{"@id":"https:\/\/alpenresorts-ladis.at\/#organization"},"image":{"@id":"https:\/\/alpenresorts-ladis.at\/en\/anna-lena-deluxe-private-sauna\/#primaryimage"},"thumbnailUrl":"https:\/\/alpenresorts-ladis.at\/wp-content\/uploads\/2023\/12\/Alpenresorts-Ladis-Besonderheiten-Alpenapart-GartenSpa-01.jpg","keywords":["Wellness"],"articleSection":["Alpine Apartment features","Features"],"inLanguage":"en-US"},{"@type":"WebPage","@id":"https:\/\/alpenresorts-ladis.at\/en\/anna-lena-deluxe-private-sauna\/","url":"https:\/\/alpenresorts-ladis.at\/en\/anna-lena-deluxe-private-sauna\/","name":"Maximum relaxation in the private outdoor sauna in Ladis","isPartOf":{"@id":"https:\/\/alpenresorts-ladis.at\/#website"},"primaryImageOfPage":{"@id":"https:\/\/alpenresorts-ladis.at\/en\/anna-lena-deluxe-private-sauna\/#primaryimage"},"image":{"@id":"https:\/\/alpenresorts-ladis.at\/en\/anna-lena-deluxe-private-sauna\/#primaryimage"},"thumbnailUrl":"https:\/\/alpenresorts-ladis.at\/wp-content\/uploads\/2023\/12\/Alpenresorts-Ladis-Besonderheiten-Alpenapart-GartenSpa-01.jpg","datePublished":"2023-12-11T09:04:50+00:00","dateModified":"2024-03-25T13:11:19+00:00","description":"Find out more about the private outdoor sauna in the Anna-Lena Deluxe in the Alpenapart Ladis. Privacy and comfort in a single location.","breadcrumb":{"@id":"https:\/\/alpenresorts-ladis.at\/en\/anna-lena-deluxe-private-sauna\/#breadcrumb"},"inLanguage":"en-US","potentialAction":[{"@type":"ReadAction","target":["https:\/\/alpenresorts-ladis.at\/en\/anna-lena-deluxe-private-sauna\/"]}]},{"@type":"ImageObject","inLanguage":"en-US","@id":"https:\/\/alpenresorts-ladis.at\/en\/anna-lena-deluxe-private-sauna\/#primaryimage","url":"https:\/\/alpenresorts-ladis.at\/wp-content\/uploads\/2023\/12\/Alpenresorts-Ladis-Besonderheiten-Alpenapart-GartenSpa-01.jpg","contentUrl":"https:\/\/alpenresorts-ladis.at\/wp-content\/uploads\/2023\/12\/Alpenresorts-Ladis-Besonderheiten-Alpenapart-GartenSpa-01.jpg","width":966,"height":966,"caption":"A cozy outdoor seating area features a green cushioned chair with a fur throw, next to a wooden door with a window. A sign above reads Alpen Resorts LADIS Deluxe. Sunlight and shadows create a warm, inviting atmosphere. Snow-capped mountains are visible."},{"@type":"BreadcrumbList","@id":"https:\/\/alpenresorts-ladis.at\/en\/anna-lena-deluxe-private-sauna\/#breadcrumb","itemListElement":[{"@type":"ListItem","position":1,"name":"Startseite","item":"https:\/\/alpenresorts-ladis.at\/"},{"@type":"ListItem","position":2,"name":"Anna-Lena Deluxe private sauna"}]},{"@type":"WebSite","@id":"https:\/\/alpenresorts-ladis.at\/#website","url":"https:\/\/alpenresorts-ladis.at\/","name":"Alpenresorts Ladis","description":"Deine Unterk\u00fcnfte in Ladis","publisher":{"@id":"https:\/\/alpenresorts-ladis.at\/#organization"},"potentialAction":[{"@type":"SearchAction","target":{"@type":"EntryPoint","urlTemplate":"https:\/\/alpenresorts-ladis.at\/?s={search_term_string}"},"query-input":{"@type":"PropertyValueSpecification","valueRequired":true,"valueName":"search_term_string"}}],"inLanguage":"en-US"},{"@type":"Organization","@id":"https:\/\/alpenresorts-ladis.at\/#organization","name":"Alpenresorts Ladis","url":"https:\/\/alpenresorts-ladis.at\/","logo":{"@type":"ImageObject","inLanguage":"en-US","@id":"https:\/\/alpenresorts-ladis.at\/#\/schema\/logo\/image\/","url":"https:\/\/alpenresorts-ladis.at\/wp-content\/uploads\/2023\/08\/Logos_Alpenresorts-Ladis_2023_RGB.png","contentUrl":"https:\/\/alpenresorts-ladis.at\/wp-content\/uploads\/2023\/08\/Logos_Alpenresorts-Ladis_2023_RGB.png","width":400,"height":400,"caption":"Alpenresorts Ladis"},"image":{"@id":"https:\/\/alpenresorts-ladis.at\/#\/schema\/logo\/image\/"}},{"@type":"Person","@id":"https:\/\/alpenresorts-ladis.at\/#\/schema\/person\/e69c77c36de4263ba5faf0885ebc7970","name":"admin","sameAs":["https:\/\/alpenresorts-ladis.at"],"url":"https:\/\/alpenresorts-ladis.at\/en\/author\/info_6ooqnjab\/"}]}},"acf":[],"_links":{"self":[{"href":"https:\/\/alpenresorts-ladis.at\/en\/wp-json\/wp\/v2\/posts\/7670","targetHints":{"allow":["GET"]}}],"collection":[{"href":"https:\/\/alpenresorts-ladis.at\/en\/wp-json\/wp\/v2\/posts"}],"about":[{"href":"https:\/\/alpenresorts-ladis.at\/en\/wp-json\/wp\/v2\/types\/post"}],"author":[{"embeddable":true,"href":"https:\/\/alpenresorts-ladis.at\/en\/wp-json\/wp\/v2\/users\/6"}],"replies":[{"embeddable":true,"href":"https:\/\/alpenresorts-ladis.at\/en\/wp-json\/wp\/v2\/comments?post=7670"}],"version-history":[{"count":13,"href":"https:\/\/alpenresorts-ladis.at\/en\/wp-json\/wp\/v2\/posts\/7670\/revisions"}],"predecessor-version":[{"id":8640,"href":"https:\/\/alpenresorts-ladis.at\/en\/wp-json\/wp\/v2\/posts\/7670\/revisions\/8640"}],"wp:featuredmedia":[{"embeddable":true,"href":"https:\/\/alpenresorts-ladis.at\/en\/wp-json\/wp\/v2\/media\/7028"}],"wp:attachment":[{"href":"https:\/\/alpenresorts-ladis.at\/en\/wp-json\/wp\/v2\/media?parent=7670"}],"wp:term":[{"taxonomy":"category","embeddable":true,"href":"https:\/\/alpenresorts-ladis.at\/en\/wp-json\/wp\/v2\/categories?post=7670"},{"taxonomy":"post_tag","embeddable":true,"href":"https:\/\/alpenresorts-ladis.at\/en\/wp-json\/wp\/v2\/tags?post=7670"}],"curies":[{"name":"wp","href":"https:\/\/api.w.org\/{rel}","templated":true}]}}