{"id":7780,"date":"2023-11-29T16:59:39","date_gmt":"2023-11-29T16:59:39","guid":{"rendered":"https:\/\/alpenresorts-ladis.at\/laudegg\/"},"modified":"2026-03-30T08:56:04","modified_gmt":"2026-03-30T08:56:04","slug":"laudegg","status":"publish","type":"post","link":"https:\/\/alpenresorts-ladis.at\/en\/laudegg\/","title":{"rendered":"Laudegg"},"content":{"rendered":"\t\t<div data-elementor-type=\"wp-post\" data-elementor-id=\"7780\" class=\"elementor elementor-7780 elementor-1425\" data-elementor-post-type=\"post\">\n\t\t\t\t<div class=\"elementor-element elementor-element-7bfc02d e-flex e-con-boxed e-con e-parent\" data-id=\"7bfc02d\" data-element_type=\"container\" data-e-type=\"container\" data-settings=\"{&quot;background_background&quot;:&quot;classic&quot;}\">\n\t\t\t\t\t<div class=\"e-con-inner\">\n\t\t<div class=\"elementor-element elementor-element-70e331f e-con-full e-flex e-con e-child\" data-id=\"70e331f\" data-element_type=\"container\" data-e-type=\"container\">\n\t\t\t\t<div class=\"elementor-element elementor-element-e51ed19 elementor-widget elementor-widget-image\" data-id=\"e51ed19\" data-element_type=\"widget\" data-e-type=\"widget\" data-widget_type=\"image.default\">\n\t\t\t\t<div class=\"elementor-widget-container\">\n\t\t\t\t\t\t\t\t\t\t\t\t\t\t\t<img fetchpriority=\"high\" decoding=\"async\" width=\"600\" height=\"400\" src=\"https:\/\/alpenresorts-ladis.at\/wp-content\/uploads\/2023\/11\/Alpenresorts-Ladis-Chalet_Laudeg_OG-schrift.png\" class=\"attachment-full size-full wp-image-12644\" alt=\"Chalet Laudegg in Ladis offers a 3-bedroom apartment with wood floors and spacious living area.\" srcset=\"https:\/\/alpenresorts-ladis.at\/wp-content\/uploads\/2023\/11\/Alpenresorts-Ladis-Chalet_Laudeg_OG-schrift.png 600w, https:\/\/alpenresorts-ladis.at\/wp-content\/uploads\/2023\/11\/Alpenresorts-Ladis-Chalet_Laudeg_OG-schrift-300x200.png 300w\" sizes=\"(max-width: 600px) 100vw, 600px\" \/>\t\t\t\t\t\t\t\t\t\t\t\t\t\t\t<\/div>\n\t\t\t\t<\/div>\n\t\t\t\t<div class=\"elementor-element elementor-element-cb861c8 elementor-widget elementor-widget-image\" data-id=\"cb861c8\" data-element_type=\"widget\" data-e-type=\"widget\" data-widget_type=\"image.default\">\n\t\t\t\t<div class=\"elementor-widget-container\">\n\t\t\t\t\t\t\t\t\t\t\t\t\t\t\t<img decoding=\"async\" width=\"600\" height=\"400\" src=\"https:\/\/alpenresorts-ladis.at\/wp-content\/uploads\/2023\/11\/Alpenresorts-Ladis-Chalet_Laudeg_EG-schrift-1.png\" class=\"attachment-full size-full wp-image-7420\" alt=\"3D floor plan of a single-level home with a patio. Features include a living room, kitchen, bedroom, bathroom, and outdoor seating area. Green lawn surrounds the house, and a small pool is visible in the top right corner.\" srcset=\"https:\/\/alpenresorts-ladis.at\/wp-content\/uploads\/2023\/11\/Alpenresorts-Ladis-Chalet_Laudeg_EG-schrift-1.png 600w, https:\/\/alpenresorts-ladis.at\/wp-content\/uploads\/2023\/11\/Alpenresorts-Ladis-Chalet_Laudeg_EG-schrift-1-300x200.png 300w\" sizes=\"(max-width: 600px) 100vw, 600px\" \/>\t\t\t\t\t\t\t\t\t\t\t\t\t\t\t<\/div>\n\t\t\t\t<\/div>\n\t\t\t\t<div class=\"elementor-element elementor-element-e3a5f76 uael-button-halign-center uael-button-stack-none elementor-widget elementor-widget-uael-buttons\" data-id=\"e3a5f76\" data-element_type=\"widget\" data-e-type=\"widget\" data-widget_type=\"uael-buttons.default\">\n\t\t\t\t<div class=\"elementor-widget-container\">\n\t\t\t\t\t\t\t<div class=\"uael-dual-button-outer-wrap\">\n\t\t\t<div class=\"uael-dual-button-wrap\">\n\t\t\t\t\t\t\t\t<div class=\"uael-button-wrapper uael-dual-button elementor-widget-button elementor-repeater-item-93ffe9e uael-dual-button-0\">\n\t\t\t\t\t<a class=\"elementor-button-link elementor-button elementor-size-sm elementor-button-link\" href=\"https:\/\/booking-chalet-laudegg.alpenresorts-ladis.at\/?activeBookingEngine=KBE&#038;propertyCode=S005582&#038;skd-checkin=2024-06-15&#038;skd-checkout=2024-06-22&#038;skd-property-code=S005582&#038;skd-language-code=en\" target=\"_blank\">\n\t\t\t\t\t\t\t\t<span class=\"elementor-button-content-wrapper uael-buttons-icon-\">\n\t\t\t\t\t\t\t\t\t\t\t\t<span class=\"elementor-align-icon- elementor-button-icon\">\n\t\t\t\t\t\t\t\t\t\t\t<\/span>\n\t\t\t\t\t\t\t\t\t\t<span class=\"elementor-button-text elementor-inline-editing\" data-elementor-setting-key=\"buttons.0.text\" data-elementor-inline-editing-toolbar=\"none\">Book<\/span>\n\t\t<\/span>\n\t\t\t\t\t\t\t<\/a>\n\t\t\t\t<\/div>\n\t\t\t\t\t\t\t\t<div class=\"uael-button-wrapper uael-dual-button elementor-widget-button elementor-repeater-item-25dbfaa uael-dual-button-1\">\n\t\t\t\t\t<a class=\"elementor-button-link elementor-button elementor-size-sm elementor-button-link\" href=\"https:\/\/alpenresorts-ladis.at\/en\/resorts\/laudegg\/send-request-about-chalet-laudegg\/\" target=\"_blank\">\n\t\t\t\t\t\t\t\t<span class=\"elementor-button-content-wrapper uael-buttons-icon- elementor-button-content-wrapper uael-buttons-icon-\">\n\t\t\t\t\t\t\t\t\t\t\t\t<span class=\"elementor-align-icon- elementor-button-icon\">\n\t\t\t\t\t\t\t\t\t\t\t<\/span>\n\t\t\t\t\t\t\t\t\t\t<span class=\"elementor-button-text elementor-inline-editing\" data-elementor-setting-key=\"buttons.1.text\" data-elementor-inline-editing-toolbar=\"none\">Send request<\/span>\n\t\t<\/span>\n\t\t\t\t\t\t\t<\/a>\n\t\t\t\t<\/div>\n\t\t\t\t\t\t\t<\/div>\n\t\t<\/div>\n\t\t\t\t\t\t<\/div>\n\t\t\t\t<\/div>\n\t\t\t\t<\/div>\n\t\t<div class=\"elementor-element elementor-element-d417e42 e-con-full e-flex e-con e-child\" data-id=\"d417e42\" data-element_type=\"container\" data-e-type=\"container\">\n\t\t\t\t<div class=\"elementor-element elementor-element-17d863f elementor-widget elementor-widget-heading\" data-id=\"17d863f\" data-element_type=\"widget\" data-e-type=\"widget\" data-widget_type=\"heading.default\">\n\t\t\t\t<div class=\"elementor-widget-container\">\n\t\t\t\t\t<h2 class=\"elementor-heading-title elementor-size-default\">Amenities<\/h2>\t\t\t\t<\/div>\n\t\t\t\t<\/div>\n\t\t\t\t<div class=\"elementor-element elementor-element-b151ebe elementor-icon-list--layout-traditional elementor-list-item-link-full_width elementor-widget elementor-widget-icon-list\" data-id=\"b151ebe\" data-element_type=\"widget\" data-e-type=\"widget\" data-widget_type=\"icon-list.default\">\n\t\t\t\t<div class=\"elementor-widget-container\">\n\t\t\t\t\t\t\t<ul class=\"elementor-icon-list-items\">\n\t\t\t\t\t\t\t<li class=\"elementor-icon-list-item\">\n\t\t\t\t\t\t\t\t\t\t\t<span class=\"elementor-icon-list-icon\">\n\t\t\t\t\t\t\t<i aria-hidden=\"true\" class=\"icon iconelement-24\"><\/i>\t\t\t\t\t\t<\/span>\n\t\t\t\t\t\t\t\t\t\t<span class=\"elementor-icon-list-text\">Spacious entrance area with coatrack<\/span>\n\t\t\t\t\t\t\t\t\t<\/li>\n\t\t\t\t\t\t\t\t<li class=\"elementor-icon-list-item\">\n\t\t\t\t\t\t\t\t\t\t\t<span class=\"elementor-icon-list-icon\">\n\t\t\t\t\t\t\t<i aria-hidden=\"true\" class=\"icon iconelement-24\"><\/i>\t\t\t\t\t\t<\/span>\n\t\t\t\t\t\t\t\t\t\t<span class=\"elementor-icon-list-text\">Two double bedrooms with high-quality box spring beds<\/span>\n\t\t\t\t\t\t\t\t\t<\/li>\n\t\t\t\t\t\t\t\t<li class=\"elementor-icon-list-item\">\n\t\t\t\t\t\t\t\t\t\t\t<span class=\"elementor-icon-list-icon\">\n\t\t\t\t\t\t\t<i aria-hidden=\"true\" class=\"icon iconelement-24\"><\/i>\t\t\t\t\t\t<\/span>\n\t\t\t\t\t\t\t\t\t\t<span class=\"elementor-icon-list-text\">One double bedroom with bunk beds<\/span>\n\t\t\t\t\t\t\t\t\t<\/li>\n\t\t\t\t\t\t\t\t<li class=\"elementor-icon-list-item\">\n\t\t\t\t\t\t\t\t\t\t\t<span class=\"elementor-icon-list-icon\">\n\t\t\t\t\t\t\t<i aria-hidden=\"true\" class=\"icon iconelement-24\"><\/i>\t\t\t\t\t\t<\/span>\n\t\t\t\t\t\t\t\t\t\t<span class=\"elementor-icon-list-text\">one bedroom with single box-spring bed<\/span>\n\t\t\t\t\t\t\t\t\t<\/li>\n\t\t\t\t\t\t\t\t<li class=\"elementor-icon-list-item\">\n\t\t\t\t\t\t\t\t\t\t\t<span class=\"elementor-icon-list-icon\">\n\t\t\t\t\t\t\t<i aria-hidden=\"true\" class=\"icon iconelement-24\"><\/i>\t\t\t\t\t\t<\/span>\n\t\t\t\t\t\t\t\t\t\t<span class=\"elementor-icon-list-text\">an open four-bed room with a high-quality box-spring bed and a cozy sofa bed (with mattress)<\/span>\n\t\t\t\t\t\t\t\t\t<\/li>\n\t\t\t\t\t\t\t\t<li class=\"elementor-icon-list-item\">\n\t\t\t\t\t\t\t\t\t\t\t<span class=\"elementor-icon-list-icon\">\n\t\t\t\t\t\t\t<i aria-hidden=\"true\" class=\"icon iconelement-24\"><\/i>\t\t\t\t\t\t<\/span>\n\t\t\t\t\t\t\t\t\t\t<span class=\"elementor-icon-list-text\">Spacious bathroom with bathtub, shower, toilet, cosmetic mirror, and hairdryer<\/span>\n\t\t\t\t\t\t\t\t\t<\/li>\n\t\t\t\t\t\t\t\t<li class=\"elementor-icon-list-item\">\n\t\t\t\t\t\t\t\t\t\t\t<span class=\"elementor-icon-list-icon\">\n\t\t\t\t\t\t\t<i aria-hidden=\"true\" class=\"icon iconelement-24\"><\/i>\t\t\t\t\t\t<\/span>\n\t\t\t\t\t\t\t\t\t\t<span class=\"elementor-icon-list-text\">One bathroom with shower, toilet, cosmetic mirror, and hairdryer<\/span>\n\t\t\t\t\t\t\t\t\t<\/li>\n\t\t\t\t\t\t\t\t<li class=\"elementor-icon-list-item\">\n\t\t\t\t\t\t\t\t\t\t\t<span class=\"elementor-icon-list-icon\">\n\t\t\t\t\t\t\t<i aria-hidden=\"true\" class=\"icon iconelement-24\"><\/i>\t\t\t\t\t\t<\/span>\n\t\t\t\t\t\t\t\t\t\t<span class=\"elementor-icon-list-text\">Separate toilet with anteroom<\/span>\n\t\t\t\t\t\t\t\t\t<\/li>\n\t\t\t\t\t\t\t\t<li class=\"elementor-icon-list-item\">\n\t\t\t\t\t\t\t\t\t\t\t<span class=\"elementor-icon-list-icon\">\n\t\t\t\t\t\t\t<i aria-hidden=\"true\" class=\"icon iconelement-24\"><\/i>\t\t\t\t\t\t<\/span>\n\t\t\t\t\t\t\t\t\t\t<span class=\"elementor-icon-list-text\">Spacious living room with gallery, tiled stove, and bay window<\/span>\n\t\t\t\t\t\t\t\t\t<\/li>\n\t\t\t\t\t\t\t\t<li class=\"elementor-icon-list-item\">\n\t\t\t\t\t\t\t\t\t\t\t<span class=\"elementor-icon-list-icon\">\n\t\t\t\t\t\t\t<i aria-hidden=\"true\" class=\"icon iconelement-24\"><\/i>\t\t\t\t\t\t<\/span>\n\t\t\t\t\t\t\t\t\t\t<span class=\"elementor-icon-list-text\">Chalet kitchen with additional wood stove, ceramic stovetop, oven, dishwasher, fridge with freezer, microwave, kettle, SodaStream, toaster, fully automatic coffee maker<\/span>\n\t\t\t\t\t\t\t\t\t<\/li>\n\t\t\t\t\t\t\t\t<li class=\"elementor-icon-list-item\">\n\t\t\t\t\t\t\t\t\t\t\t<span class=\"elementor-icon-list-icon\">\n\t\t\t\t\t\t\t<i aria-hidden=\"true\" class=\"icon iconelement-24\"><\/i>\t\t\t\t\t\t<\/span>\n\t\t\t\t\t\t\t\t\t\t<span class=\"elementor-icon-list-text\">including sufficient cooking and eating utensils<\/span>\n\t\t\t\t\t\t\t\t\t<\/li>\n\t\t\t\t\t\t\t\t<li class=\"elementor-icon-list-item\">\n\t\t\t\t\t\t\t\t\t\t\t<span class=\"elementor-icon-list-icon\">\n\t\t\t\t\t\t\t<i aria-hidden=\"true\" class=\"icon iconelement-24\"><\/i>\t\t\t\t\t\t<\/span>\n\t\t\t\t\t\t\t\t\t\t<span class=\"elementor-icon-list-text\">Chill-out area<\/span>\n\t\t\t\t\t\t\t\t\t<\/li>\n\t\t\t\t\t\t\t\t<li class=\"elementor-icon-list-item\">\n\t\t\t\t\t\t\t\t\t\t\t<span class=\"elementor-icon-list-icon\">\n\t\t\t\t\t\t\t<i aria-hidden=\"true\" class=\"icon iconelement-24\"><\/i>\t\t\t\t\t\t<\/span>\n\t\t\t\t\t\t\t\t\t\t<span class=\"elementor-icon-list-text\">Rustic hunter\u2019s lounge<\/span>\n\t\t\t\t\t\t\t\t\t<\/li>\n\t\t\t\t\t\t\t\t<li class=\"elementor-icon-list-item\">\n\t\t\t\t\t\t\t\t\t\t\t<span class=\"elementor-icon-list-icon\">\n\t\t\t\t\t\t\t<i aria-hidden=\"true\" class=\"icon iconelement-24\"><\/i>\t\t\t\t\t\t<\/span>\n\t\t\t\t\t\t\t\t\t\t<span class=\"elementor-icon-list-text\">Finnish sauna<\/span>\n\t\t\t\t\t\t\t\t\t<\/li>\n\t\t\t\t\t\t\t\t<li class=\"elementor-icon-list-item\">\n\t\t\t\t\t\t\t\t\t\t\t<span class=\"elementor-icon-list-icon\">\n\t\t\t\t\t\t\t<i aria-hidden=\"true\" class=\"icon iconelement-24\"><\/i>\t\t\t\t\t\t<\/span>\n\t\t\t\t\t\t\t\t\t\t<span class=\"elementor-icon-list-text\">South-facing balconies<\/span>\n\t\t\t\t\t\t\t\t\t<\/li>\n\t\t\t\t\t\t\t\t<li class=\"elementor-icon-list-item\">\n\t\t\t\t\t\t\t\t\t\t\t<span class=\"elementor-icon-list-icon\">\n\t\t\t\t\t\t\t<i aria-hidden=\"true\" class=\"icon iconelement-24\"><\/i>\t\t\t\t\t\t<\/span>\n\t\t\t\t\t\t\t\t\t\t<span class=\"elementor-icon-list-text\">Private sun terrace 100 m\u00b2<\/span>\n\t\t\t\t\t\t\t\t\t<\/li>\n\t\t\t\t\t\t\t\t<li class=\"elementor-icon-list-item\">\n\t\t\t\t\t\t\t\t\t\t\t<span class=\"elementor-icon-list-icon\">\n\t\t\t\t\t\t\t<i aria-hidden=\"true\" class=\"icon iconelement-24\"><\/i>\t\t\t\t\t\t<\/span>\n\t\t\t\t\t\t\t\t\t\t<span class=\"elementor-icon-list-text\">Private garden 120 m\u00b2<\/span>\n\t\t\t\t\t\t\t\t\t<\/li>\n\t\t\t\t\t\t\t\t<li class=\"elementor-icon-list-item\">\n\t\t\t\t\t\t\t\t\t\t\t<span class=\"elementor-icon-list-icon\">\n\t\t\t\t\t\t\t<i aria-hidden=\"true\" class=\"icon iconelement-24\"><\/i>\t\t\t\t\t\t<\/span>\n\t\t\t\t\t\t\t\t\t\t<span class=\"elementor-icon-list-text\">Smart TV (Netflix and more) with Cable TV in living room and bedroom<\/span>\n\t\t\t\t\t\t\t\t\t<\/li>\n\t\t\t\t\t\t\t\t<li class=\"elementor-icon-list-item\">\n\t\t\t\t\t\t\t\t\t\t\t<span class=\"elementor-icon-list-icon\">\n\t\t\t\t\t\t\t<i aria-hidden=\"true\" class=\"icon iconelement-24\"><\/i>\t\t\t\t\t\t<\/span>\n\t\t\t\t\t\t\t\t\t\t<span class=\"elementor-icon-list-text\">High-speed internet<\/span>\n\t\t\t\t\t\t\t\t\t<\/li>\n\t\t\t\t\t\t\t\t<li class=\"elementor-icon-list-item\">\n\t\t\t\t\t\t\t\t\t\t\t<span class=\"elementor-icon-list-icon\">\n\t\t\t\t\t\t\t<i aria-hidden=\"true\" class=\"icon iconelement-24\"><\/i>\t\t\t\t\t\t<\/span>\n\t\t\t\t\t\t\t\t\t\t<span class=\"elementor-icon-list-text\">Safe<\/span>\n\t\t\t\t\t\t\t\t\t<\/li>\n\t\t\t\t\t\t\t\t<li class=\"elementor-icon-list-item\">\n\t\t\t\t\t\t\t\t\t\t\t<span class=\"elementor-icon-list-icon\">\n\t\t\t\t\t\t\t<i aria-hidden=\"true\" class=\"icon iconelement-24\"><\/i>\t\t\t\t\t\t<\/span>\n\t\t\t\t\t\t\t\t\t\t<span class=\"elementor-icon-list-text\">Bed linens and towels<\/span>\n\t\t\t\t\t\t\t\t\t<\/li>\n\t\t\t\t\t\t\t\t<li class=\"elementor-icon-list-item\">\n\t\t\t\t\t\t\t\t\t\t\t<span class=\"elementor-icon-list-icon\">\n\t\t\t\t\t\t\t<i aria-hidden=\"true\" class=\"icon iconelement-24\"><\/i>\t\t\t\t\t\t<\/span>\n\t\t\t\t\t\t\t\t\t\t<span class=\"elementor-icon-list-text\">plus: Dish detergent, tabs, parchment paper, garbage bags, and kitchen towels<\/span>\n\t\t\t\t\t\t\t\t\t<\/li>\n\t\t\t\t\t\t\t\t<li class=\"elementor-icon-list-item\">\n\t\t\t\t\t\t\t\t\t\t\t<span class=\"elementor-icon-list-icon\">\n\t\t\t\t\t\t\t<i aria-hidden=\"true\" class=\"icon iconelement-24\"><\/i>\t\t\t\t\t\t<\/span>\n\t\t\t\t\t\t\t\t\t\t<span class=\"elementor-icon-list-text\">QR code for the guest app<\/span>\n\t\t\t\t\t\t\t\t\t<\/li>\n\t\t\t\t\t\t<\/ul>\n\t\t\t\t\t\t<\/div>\n\t\t\t\t<\/div>\n\t\t\t\t<\/div>\n\t\t\t\t\t<\/div>\n\t\t\t\t<\/div>\n\t\t<div class=\"elementor-element elementor-element-ee01c2d e-con-full e-flex e-con e-parent\" data-id=\"ee01c2d\" data-element_type=\"container\" data-e-type=\"container\">\n\t\t\t\t<div class=\"elementor-element elementor-element-c88734a elementor-widget elementor-widget-html\" data-id=\"c88734a\" data-element_type=\"widget\" data-e-type=\"widget\" data-widget_type=\"html.default\">\n\t\t\t\t<div class=\"elementor-widget-container\">\n\t\t\t\t\t<div id=\"__MTS\" data-mts-language=\"en\" data-mts-user=\"u1333\" data-mts-roomcode=\"CHALET_L\" data-mts-domainid=\"69255391bb0fd2000423de19\" data-mts-view=\"room-detail-priceCalculator\" data-mts-version=\"4\"><\/div>\t\t\t\t<\/div>\n\t\t\t\t<\/div>\n\t\t\t\t<div class=\"elementor-element elementor-element-4569f63 elementor-widget elementor-widget-html\" data-id=\"4569f63\" data-element_type=\"widget\" data-e-type=\"widget\" data-widget_type=\"html.default\">\n\t\t\t\t<div class=\"elementor-widget-container\">\n\t\t\t\t\t<button class=\"shbt-laudegg\" onclick=\"myFunction()\">Booking information<\/button>\r\n\r\n\r\n<script>\r\n    function myFunction(){\r\n        var element = document.getElementById(\"sechide\");\r\n        element.classList.toggle(\"secshow\");\r\n    }\r\n<\/script>\t\t\t\t<\/div>\n\t\t\t\t<\/div>\n\t\t\t\t<\/div>\n\t\t<div class=\"elementor-element elementor-element-45f163f e-flex e-con-boxed e-con e-parent\" data-id=\"45f163f\" data-element_type=\"container\" data-e-type=\"container\" id=\"sechide\">\n\t\t\t\t\t<div class=\"e-con-inner\">\n\t\t\t\t<div class=\"elementor-element elementor-element-3a0f30c laudegg-info elementor-widget elementor-widget-template\" data-id=\"3a0f30c\" data-element_type=\"widget\" data-e-type=\"widget\" data-widget_type=\"template.default\">\n\t\t\t\t<div class=\"elementor-widget-container\">\n\t\t\t\t\t\t\t<div class=\"elementor-template\">\n\t\t\t\t\t<div data-elementor-type=\"container\" data-elementor-id=\"7851\" class=\"elementor elementor-7851 elementor-815 elementor-815\" data-elementor-post-type=\"elementor_library\">\n\t\t\t\t<div class=\"elementor-element elementor-element-186425da e-con-full e-flex e-con e-parent\" data-id=\"186425da\" data-element_type=\"container\" data-e-type=\"container\">\n\t\t\t\t<div class=\"elementor-element elementor-element-188e4361 elementor-widget elementor-widget-n-accordion\" data-id=\"188e4361\" data-element_type=\"widget\" data-e-type=\"widget\" data-settings=\"{&quot;default_state&quot;:&quot;all_collapsed&quot;,&quot;max_items_expended&quot;:&quot;one&quot;,&quot;n_accordion_animation_duration&quot;:{&quot;unit&quot;:&quot;ms&quot;,&quot;size&quot;:400,&quot;sizes&quot;:[]}}\" data-widget_type=\"nested-accordion.default\">\n\t\t\t\t<div class=\"elementor-widget-container\">\n\t\t\t\t\t\t\t<div class=\"e-n-accordion\" aria-label=\"Accordion. Open links with Enter or Space, close with Escape, and navigate with Arrow Keys\">\n\t\t\t\t\t\t<details id=\"e-n-accordion-item-4110\" class=\"e-n-accordion-item\" >\n\t\t\t\t<summary class=\"e-n-accordion-item-title\" data-accordion-index=\"1\" tabindex=\"0\" aria-expanded=\"false\" aria-controls=\"e-n-accordion-item-4110\" >\n\t\t\t\t\t<span class='e-n-accordion-item-title-header'><div class=\"e-n-accordion-item-title-text\"> Check-in &amp; check-out  <\/div><\/span>\n\t\t\t\t\t\t\t<span class='e-n-accordion-item-title-icon'>\n\t\t\t<span class='e-opened' ><i aria-hidden=\"true\" class=\"pfeile pfeileelement-25\"><\/i><\/span>\n\t\t\t<span class='e-closed'><i aria-hidden=\"true\" class=\"pfeile pfeileelement-26\"><\/i><\/span>\n\t\t<\/span>\n\n\t\t\t\t\t\t<\/summary>\n\t\t\t\t<div role=\"region\" aria-labelledby=\"e-n-accordion-item-4110\" class=\"elementor-element elementor-element-47af8360 e-con-full e-flex e-con e-child\" data-id=\"47af8360\" data-element_type=\"container\" data-e-type=\"container\">\n\t\t<div role=\"region\" aria-labelledby=\"e-n-accordion-item-4110\" class=\"elementor-element elementor-element-7a845e0c e-con-full e-flex e-con e-child\" data-id=\"7a845e0c\" data-element_type=\"container\" data-e-type=\"container\">\n\t\t\t\t<div class=\"elementor-element elementor-element-61ea4640 elementor-widget elementor-widget-text-editor\" data-id=\"61ea4640\" data-element_type=\"widget\" data-e-type=\"widget\" data-widget_type=\"text-editor.default\">\n\t\t\t\t<div class=\"elementor-widget-container\">\n\t\t\t\t\t\t\t\t\t<p><strong>When can we check in on the arrival day and when do we have to check out on the departure day?<\/strong><\/p>\n<p>Check-in: from <strong>4 PM<\/strong><\/p>\n<p>If you plan on arriving after 6 PM, we ask you to let us know by telephone.<\/p>\n<p>Check-out: no later than <strong>10 AM<\/strong><\/p>\n\t\t\t\t\t\t\t\t<\/div>\n\t\t\t\t<\/div>\n\t\t\t\t<\/div>\n\t\t\t\t<\/div>\n\t\t\t\t\t<\/details>\n\t\t\t\t\t\t<details id=\"e-n-accordion-item-4111\" class=\"e-n-accordion-item\" >\n\t\t\t\t<summary class=\"e-n-accordion-item-title\" data-accordion-index=\"2\" tabindex=\"-1\" aria-expanded=\"false\" aria-controls=\"e-n-accordion-item-4111\" >\n\t\t\t\t\t<span class='e-n-accordion-item-title-header'><div class=\"e-n-accordion-item-title-text\"> Deposit  <\/div><\/span>\n\t\t\t\t\t\t\t<span class='e-n-accordion-item-title-icon'>\n\t\t\t<span class='e-opened' ><i aria-hidden=\"true\" class=\"pfeile pfeileelement-25\"><\/i><\/span>\n\t\t\t<span class='e-closed'><i aria-hidden=\"true\" class=\"pfeile pfeileelement-26\"><\/i><\/span>\n\t\t<\/span>\n\n\t\t\t\t\t\t<\/summary>\n\t\t\t\t<div role=\"region\" aria-labelledby=\"e-n-accordion-item-4111\" class=\"elementor-element elementor-element-279dec9b e-con-full e-flex e-con e-child\" data-id=\"279dec9b\" data-element_type=\"container\" data-e-type=\"container\">\n\t\t<div role=\"region\" aria-labelledby=\"e-n-accordion-item-4111\" class=\"elementor-element elementor-element-6f2dde46 e-con-full e-flex e-con e-child\" data-id=\"6f2dde46\" data-element_type=\"container\" data-e-type=\"container\">\n\t\t\t\t<div class=\"elementor-element elementor-element-3977c290 elementor-widget elementor-widget-text-editor\" data-id=\"3977c290\" data-element_type=\"widget\" data-e-type=\"widget\" data-widget_type=\"text-editor.default\">\n\t\t\t\t<div class=\"elementor-widget-container\">\n\t\t\t\t\t\t\t\t\t<p data-start=\"51\" data-end=\"69\"><strong data-start=\"51\" data-end=\"69\">Payment Terms:<\/strong><\/p>\n<ul data-start=\"71\" data-end=\"374\">\n<li data-start=\"71\" data-end=\"271\">\n<p data-start=\"73\" data-end=\"271\"><strong data-start=\"73\" data-end=\"94\">Flexible Booking:<\/strong><br data-start=\"94\" data-end=\"97\" \/>For a flexible booking, a deposit of 40% of the total amount is due immediately. The remaining balance must be paid by bank transfer no later than two weeks before arrival.<\/p>\n<\/li>\n<li data-start=\"273\" data-end=\"374\">\n<p data-start=\"275\" data-end=\"374\"><strong data-start=\"275\" data-end=\"293\">Fixed Booking:<\/strong><br data-start=\"293\" data-end=\"296\" \/>For a fixed booking, the full amount (100%) is due immediately upon booking.<\/p>\n<\/li>\n<\/ul>\n\t\t\t\t\t\t\t\t<\/div>\n\t\t\t\t<\/div>\n\t\t\t\t<\/div>\n\t\t\t\t<\/div>\n\t\t\t\t\t<\/details>\n\t\t\t\t\t\t<details id=\"e-n-accordion-item-4112\" class=\"e-n-accordion-item\" >\n\t\t\t\t<summary class=\"e-n-accordion-item-title\" data-accordion-index=\"3\" tabindex=\"-1\" aria-expanded=\"false\" aria-controls=\"e-n-accordion-item-4112\" >\n\t\t\t\t\t<span class='e-n-accordion-item-title-header'><div class=\"e-n-accordion-item-title-text\"> Payment on site <\/div><\/span>\n\t\t\t\t\t\t\t<span class='e-n-accordion-item-title-icon'>\n\t\t\t<span class='e-opened' ><i aria-hidden=\"true\" class=\"pfeile pfeileelement-25\"><\/i><\/span>\n\t\t\t<span class='e-closed'><i aria-hidden=\"true\" class=\"pfeile pfeileelement-26\"><\/i><\/span>\n\t\t<\/span>\n\n\t\t\t\t\t\t<\/summary>\n\t\t\t\t<div role=\"region\" aria-labelledby=\"e-n-accordion-item-4112\" class=\"elementor-element elementor-element-26ecb290 e-con-full e-flex e-con e-child\" data-id=\"26ecb290\" data-element_type=\"container\" data-e-type=\"container\">\n\t\t<div role=\"region\" aria-labelledby=\"e-n-accordion-item-4112\" class=\"elementor-element elementor-element-150bb0f9 e-con-full e-flex e-con e-child\" data-id=\"150bb0f9\" data-element_type=\"container\" data-e-type=\"container\">\n\t\t\t\t<div class=\"elementor-element elementor-element-359b0753 elementor-widget elementor-widget-text-editor\" data-id=\"359b0753\" data-element_type=\"widget\" data-e-type=\"widget\" data-widget_type=\"text-editor.default\">\n\t\t\t\t<div class=\"elementor-widget-container\">\n\t\t\t\t\t\t\t\t\t<p><strong>How can we pay on site?<\/strong><\/p>\n<p>You have the option of paying your hotel bill at home by bank transfer or on site by cash.<\/p>\n\t\t\t\t\t\t\t\t<\/div>\n\t\t\t\t<\/div>\n\t\t\t\t<\/div>\n\t\t\t\t<\/div>\n\t\t\t\t\t<\/details>\n\t\t\t\t\t\t<details id=\"e-n-accordion-item-4113\" class=\"e-n-accordion-item\" >\n\t\t\t\t<summary class=\"e-n-accordion-item-title\" data-accordion-index=\"4\" tabindex=\"-1\" aria-expanded=\"false\" aria-controls=\"e-n-accordion-item-4113\" >\n\t\t\t\t\t<span class='e-n-accordion-item-title-header'><div class=\"e-n-accordion-item-title-text\"> Bread service  <\/div><\/span>\n\t\t\t\t\t\t\t<span class='e-n-accordion-item-title-icon'>\n\t\t\t<span class='e-opened' ><i aria-hidden=\"true\" class=\"pfeile pfeileelement-25\"><\/i><\/span>\n\t\t\t<span class='e-closed'><i aria-hidden=\"true\" class=\"pfeile pfeileelement-26\"><\/i><\/span>\n\t\t<\/span>\n\n\t\t\t\t\t\t<\/summary>\n\t\t\t\t<div role=\"region\" aria-labelledby=\"e-n-accordion-item-4113\" class=\"elementor-element elementor-element-14a5fcce e-con-full e-flex e-con e-child\" data-id=\"14a5fcce\" data-element_type=\"container\" data-e-type=\"container\">\n\t\t<div role=\"region\" aria-labelledby=\"e-n-accordion-item-4113\" class=\"elementor-element elementor-element-1f6ad1ee e-con-full e-flex e-con e-child\" data-id=\"1f6ad1ee\" data-element_type=\"container\" data-e-type=\"container\">\n\t\t\t\t<div class=\"elementor-element elementor-element-721ffad9 elementor-widget elementor-widget-text-editor\" data-id=\"721ffad9\" data-element_type=\"widget\" data-e-type=\"widget\" data-widget_type=\"text-editor.default\">\n\t\t\t\t<div class=\"elementor-widget-container\">\n\t\t\t\t\t\t\t\t\t<p data-start=\"151\" data-end=\"578\"><strong data-start=\"151\" data-end=\"200\">Is there a daily bread roll delivery service?<\/strong><br data-start=\"200\" data-end=\"203\" \/>Absolutely! To help you start your day right, we offer a convenient <strong data-start=\"271\" data-end=\"308\">daily bread roll delivery service<\/strong>.<br data-start=\"309\" data-end=\"312\" \/>Simply choose from around <strong data-start=\"338\" data-end=\"379\">60 different types of bread and rolls<\/strong> by <strong data-start=\"383\" data-end=\"412\">12:00 noon the day before<\/strong> and place your order easily via our <strong data-start=\"449\" data-end=\"462\">guest app<\/strong>.<br data-start=\"463\" data-end=\"466\" \/>The next morning, your fresh rolls will be waiting for you in a bread bag <strong data-start=\"540\" data-end=\"577\">right outside your apartment door<\/strong>.<\/p>\n\t\t\t\t\t\t\t\t<\/div>\n\t\t\t\t<\/div>\n\t\t\t\t<div class=\"elementor-element elementor-element-9d105dc uael-button-halign-left uael-button-stack-none elementor-widget elementor-widget-uael-buttons\" data-id=\"9d105dc\" data-element_type=\"widget\" data-e-type=\"widget\" data-widget_type=\"uael-buttons.default\">\n\t\t\t\t<div class=\"elementor-widget-container\">\n\t\t\t\t\t\t\t<div class=\"uael-dual-button-outer-wrap\">\n\t\t\t<div class=\"uael-dual-button-wrap\">\n\t\t\t\t\t\t\t\t<div class=\"uael-button-wrapper uael-dual-button elementor-widget-button elementor-repeater-item-a5c6ea9 uael-dual-button-0\">\n\t\t\t\t\t<a class=\"elementor-button-link elementor-button elementor-size-sm elementor-button-link\" href=\"https:\/\/alpenresorts-ladis.at\/wp-content\/uploads\/2024\/02\/brotsortiment_web.pdf\" target=\"_blank\">\n\t\t\t\t\t\t\t\t<span class=\"elementor-button-content-wrapper uael-buttons-icon-\">\n\t\t\t\t\t\t\t\t\t\t\t\t<span class=\"elementor-align-icon- elementor-button-icon\">\n\t\t\t\t\t\t\t\t\t\t\t<\/span>\n\t\t\t\t\t\t\t\t\t\t<span class=\"elementor-button-text elementor-inline-editing\" data-elementor-setting-key=\"buttons.0.text\" data-elementor-inline-editing-toolbar=\"none\">Bread assortment<\/span>\n\t\t<\/span>\n\t\t\t\t\t\t\t<\/a>\n\t\t\t\t<\/div>\n\t\t\t\t\t\t\t\t<div class=\"uael-button-wrapper uael-dual-button elementor-widget-button elementor-repeater-item-9d1468f uael-dual-button-1\">\n\t\t\t\t\t<a class=\"elementor-button-link elementor-button elementor-size-sm elementor-button-link\" href=\"https:\/\/alpenresorts-ladis.at\/wp-content\/uploads\/2024\/02\/ALLERGEN_INFORMATIONEN_WEBSITE.pdf\" target=\"_blank\">\n\t\t\t\t\t\t\t\t<span class=\"elementor-button-content-wrapper uael-buttons-icon- elementor-button-content-wrapper uael-buttons-icon-\">\n\t\t\t\t\t\t\t\t\t\t\t\t<span class=\"elementor-align-icon- elementor-button-icon\">\n\t\t\t\t\t\t\t\t\t\t\t<\/span>\n\t\t\t\t\t\t\t\t\t\t<span class=\"elementor-button-text elementor-inline-editing\" data-elementor-setting-key=\"buttons.1.text\" data-elementor-inline-editing-toolbar=\"none\">Allergens<\/span>\n\t\t<\/span>\n\t\t\t\t\t\t\t<\/a>\n\t\t\t\t<\/div>\n\t\t\t\t\t\t\t<\/div>\n\t\t<\/div>\n\t\t\t\t\t\t<\/div>\n\t\t\t\t<\/div>\n\t\t\t\t<\/div>\n\t\t\t\t<\/div>\n\t\t\t\t\t<\/details>\n\t\t\t\t\t\t<details id=\"e-n-accordion-item-4114\" class=\"e-n-accordion-item\" >\n\t\t\t\t<summary class=\"e-n-accordion-item-title\" data-accordion-index=\"5\" tabindex=\"-1\" aria-expanded=\"false\" aria-controls=\"e-n-accordion-item-4114\" >\n\t\t\t\t\t<span class='e-n-accordion-item-title-header'><div class=\"e-n-accordion-item-title-text\"> Dogs on vacation  <\/div><\/span>\n\t\t\t\t\t\t\t<span class='e-n-accordion-item-title-icon'>\n\t\t\t<span class='e-opened' ><i aria-hidden=\"true\" class=\"pfeile pfeileelement-25\"><\/i><\/span>\n\t\t\t<span class='e-closed'><i aria-hidden=\"true\" class=\"pfeile pfeileelement-26\"><\/i><\/span>\n\t\t<\/span>\n\n\t\t\t\t\t\t<\/summary>\n\t\t\t\t<div role=\"region\" aria-labelledby=\"e-n-accordion-item-4114\" class=\"elementor-element elementor-element-6931333e e-con-full e-flex e-con e-child\" data-id=\"6931333e\" data-element_type=\"container\" data-e-type=\"container\">\n\t\t<div role=\"region\" aria-labelledby=\"e-n-accordion-item-4114\" class=\"elementor-element elementor-element-6d59f7b3 e-con-full e-flex e-con e-child\" data-id=\"6d59f7b3\" data-element_type=\"container\" data-e-type=\"container\">\n\t\t\t\t<div class=\"elementor-element elementor-element-71c9b31e elementor-widget elementor-widget-text-editor\" data-id=\"71c9b31e\" data-element_type=\"widget\" data-e-type=\"widget\" data-widget_type=\"text-editor.default\">\n\t\t\t\t<div class=\"elementor-widget-container\">\n\t\t\t\t\t\t\t\t\t<p data-start=\"89\" data-end=\"133\"><strong data-start=\"89\" data-end=\"133\">Are dogs allowed at the Alpenresorts?\u00a0<\/strong><\/p>\n<p><\/p>\n<p data-start=\"135\" data-end=\"271\">Absolutely \u2013 <strong data-start=\"148\" data-end=\"215\">your beloved four-legged friends are very welcome upon request!<\/strong><br data-start=\"215\" data-end=\"218\" \/>We charge <strong data-start=\"228\" data-end=\"271\">\u20ac 30.00 per dog per day (without food).<\/strong><\/p>\n<p><\/p>\n<p data-start=\"273\" data-end=\"468\">As a little extra, every furry guest will receive a <strong data-start=\"325\" data-end=\"343\">small surprise<\/strong> upon arrival.\u00a0<br data-start=\"360\" data-end=\"363\" \/>Please make sure to bring your dog\u2019s <strong data-start=\"400\" data-end=\"451\">bed, blanket, and anything else they might need<\/strong> to feel at home.<\/p>\n\t\t\t\t\t\t\t\t<\/div>\n\t\t\t\t<\/div>\n\t\t\t\t<\/div>\n\t\t\t\t<\/div>\n\t\t\t\t\t<\/details>\n\t\t\t\t\t\t<details id=\"e-n-accordion-item-4115\" class=\"e-n-accordion-item\" >\n\t\t\t\t<summary class=\"e-n-accordion-item-title\" data-accordion-index=\"6\" tabindex=\"-1\" aria-expanded=\"false\" aria-controls=\"e-n-accordion-item-4115\" >\n\t\t\t\t\t<span class='e-n-accordion-item-title-header'><div class=\"e-n-accordion-item-title-text\"> Pre-check-in  <\/div><\/span>\n\t\t\t\t\t\t\t<span class='e-n-accordion-item-title-icon'>\n\t\t\t<span class='e-opened' ><i aria-hidden=\"true\" class=\"pfeile pfeileelement-25\"><\/i><\/span>\n\t\t\t<span class='e-closed'><i aria-hidden=\"true\" class=\"pfeile pfeileelement-26\"><\/i><\/span>\n\t\t<\/span>\n\n\t\t\t\t\t\t<\/summary>\n\t\t\t\t<div role=\"region\" aria-labelledby=\"e-n-accordion-item-4115\" class=\"elementor-element elementor-element-7ee716f5 e-con-full e-flex e-con e-child\" data-id=\"7ee716f5\" data-element_type=\"container\" data-e-type=\"container\">\n\t\t<div role=\"region\" aria-labelledby=\"e-n-accordion-item-4115\" class=\"elementor-element elementor-element-68429f87 e-con-full e-flex e-con e-child\" data-id=\"68429f87\" data-element_type=\"container\" data-e-type=\"container\">\n\t\t\t\t<div class=\"elementor-element elementor-element-304ca000 elementor-widget elementor-widget-text-editor\" data-id=\"304ca000\" data-element_type=\"widget\" data-e-type=\"widget\" data-widget_type=\"text-editor.default\">\n\t\t\t\t<div class=\"elementor-widget-container\">\n\t\t\t\t\t\t\t\t\t<p><strong>Can we also check in ahead of time?<\/strong><\/p>\n<p>With your booking confirmation you will receive a link that allows you to check in from the comfort of your own home.<\/p>\n\t\t\t\t\t\t\t\t<\/div>\n\t\t\t\t<\/div>\n\t\t\t\t<\/div>\n\t\t\t\t<\/div>\n\t\t\t\t\t<\/details>\n\t\t\t\t\t\t<details id=\"e-n-accordion-item-4116\" class=\"e-n-accordion-item\" >\n\t\t\t\t<summary class=\"e-n-accordion-item-title\" data-accordion-index=\"7\" tabindex=\"-1\" aria-expanded=\"false\" aria-controls=\"e-n-accordion-item-4116\" >\n\t\t\t\t\t<span class='e-n-accordion-item-title-header'><div class=\"e-n-accordion-item-title-text\"> Local\/tourist tax <\/div><\/span>\n\t\t\t\t\t\t\t<span class='e-n-accordion-item-title-icon'>\n\t\t\t<span class='e-opened' ><i aria-hidden=\"true\" class=\"pfeile pfeileelement-25\"><\/i><\/span>\n\t\t\t<span class='e-closed'><i aria-hidden=\"true\" class=\"pfeile pfeileelement-26\"><\/i><\/span>\n\t\t<\/span>\n\n\t\t\t\t\t\t<\/summary>\n\t\t\t\t<div role=\"region\" aria-labelledby=\"e-n-accordion-item-4116\" class=\"elementor-element elementor-element-29c4cc28 e-con-full e-flex e-con e-child\" data-id=\"29c4cc28\" data-element_type=\"container\" data-e-type=\"container\">\n\t\t<div role=\"region\" aria-labelledby=\"e-n-accordion-item-4116\" class=\"elementor-element elementor-element-2ec07d11 e-con-full e-flex e-con e-child\" data-id=\"2ec07d11\" data-element_type=\"container\" data-e-type=\"container\">\n\t\t\t\t<div class=\"elementor-element elementor-element-171644fe elementor-widget elementor-widget-text-editor\" data-id=\"171644fe\" data-element_type=\"widget\" data-e-type=\"widget\" data-widget_type=\"text-editor.default\">\n\t\t\t\t<div class=\"elementor-widget-container\">\n\t\t\t\t\t\t\t\t\t<p><strong>How much is the local\/tourist tax?<\/strong><\/p>\n<p>The local tax in Serfaus-Fiss-Ladis is <strong>\u20ac3.70 per person per night.\u00a0<\/strong><\/p>\n<p>For bookings in 2025: The local tax applies to all people including born in 2009.<br \/>For bookings in 2026: The local tax applies to all people including born in 2010.<\/p>\n<p><strong>The local tax is valid at the arrival date, not at the booking date!<\/strong><br \/><strong>In case of incorrect information about the personal data, the guest is liable.<\/strong><\/p>\n\t\t\t\t\t\t\t\t<\/div>\n\t\t\t\t<\/div>\n\t\t\t\t<\/div>\n\t\t\t\t<\/div>\n\t\t\t\t\t<\/details>\n\t\t\t\t\t\t<details id=\"e-n-accordion-item-4117\" class=\"e-n-accordion-item\" >\n\t\t\t\t<summary class=\"e-n-accordion-item-title\" data-accordion-index=\"8\" tabindex=\"-1\" aria-expanded=\"false\" aria-controls=\"e-n-accordion-item-4117\" >\n\t\t\t\t\t<span class='e-n-accordion-item-title-header'><div class=\"e-n-accordion-item-title-text\"> Cars\/parking <\/div><\/span>\n\t\t\t\t\t\t\t<span class='e-n-accordion-item-title-icon'>\n\t\t\t<span class='e-opened' ><i aria-hidden=\"true\" class=\"pfeile pfeileelement-25\"><\/i><\/span>\n\t\t\t<span class='e-closed'><i aria-hidden=\"true\" class=\"pfeile pfeileelement-26\"><\/i><\/span>\n\t\t<\/span>\n\n\t\t\t\t\t\t<\/summary>\n\t\t\t\t<div role=\"region\" aria-labelledby=\"e-n-accordion-item-4117\" class=\"elementor-element elementor-element-b003f86 e-con-full e-flex e-con e-child\" data-id=\"b003f86\" data-element_type=\"container\" data-e-type=\"container\">\n\t\t<div role=\"region\" aria-labelledby=\"e-n-accordion-item-4117\" class=\"elementor-element elementor-element-54eb67ab e-con-full e-flex e-con e-child\" data-id=\"54eb67ab\" data-element_type=\"container\" data-e-type=\"container\">\n\t\t\t\t<div class=\"elementor-element elementor-element-6349dc45 elementor-widget elementor-widget-text-editor\" data-id=\"6349dc45\" data-element_type=\"widget\" data-e-type=\"widget\" data-widget_type=\"text-editor.default\">\n\t\t\t\t<div class=\"elementor-widget-container\">\n\t\t\t\t\t\t\t\t\t<p><strong>Where can we park our car during our vacation?<\/strong><\/p>\n<p>Parking spaces are available directly in front of the buildings. If you are arriving with more than one car, please let us know in good time so that we can reserve parking spaces.<\/p>\n<ul>\n<li>1 reserved parking space free of charge per 1- or 2-bedroom apartment (excluding living room\/bedroom), lodge, and studio<\/li>\n<li>2 reserved parking spaces free of charge per 3- or 4-bedroom apartment (excluding living room\/bedroom), lodge, and chalet<\/li>\n<li>3 reserved parking spaces free of charge per 5-bedroom chalet<\/li>\n<\/ul>\n<p>For each additional parking space required, we charge a fee of \u20ac10.00 per day and car.<\/p>\n<p>If you would like to spend your departure day in our region and park your car with us, this is no problem, subject to availability. A fee of \u20ac10.00 per car applies.<\/p>\n\t\t\t\t\t\t\t\t<\/div>\n\t\t\t\t<\/div>\n\t\t\t\t<\/div>\n\t\t\t\t<\/div>\n\t\t\t\t\t<\/details>\n\t\t\t\t\t\t<details id=\"e-n-accordion-item-4118\" class=\"e-n-accordion-item\" >\n\t\t\t\t<summary class=\"e-n-accordion-item-title\" data-accordion-index=\"9\" tabindex=\"-1\" aria-expanded=\"false\" aria-controls=\"e-n-accordion-item-4118\" >\n\t\t\t\t\t<span class='e-n-accordion-item-title-header'><div class=\"e-n-accordion-item-title-text\"> Reception desk  <\/div><\/span>\n\t\t\t\t\t\t\t<span class='e-n-accordion-item-title-icon'>\n\t\t\t<span class='e-opened' ><i aria-hidden=\"true\" class=\"pfeile pfeileelement-25\"><\/i><\/span>\n\t\t\t<span class='e-closed'><i aria-hidden=\"true\" class=\"pfeile pfeileelement-26\"><\/i><\/span>\n\t\t<\/span>\n\n\t\t\t\t\t\t<\/summary>\n\t\t\t\t<div role=\"region\" aria-labelledby=\"e-n-accordion-item-4118\" class=\"elementor-element elementor-element-6bc3d9a9 e-con-full e-flex e-con e-child\" data-id=\"6bc3d9a9\" data-element_type=\"container\" data-e-type=\"container\">\n\t\t<div role=\"region\" aria-labelledby=\"e-n-accordion-item-4118\" class=\"elementor-element elementor-element-52ee6b3 e-con-full e-flex e-con e-child\" data-id=\"52ee6b3\" data-element_type=\"container\" data-e-type=\"container\">\n\t\t\t\t<div class=\"elementor-element elementor-element-5707ae9a elementor-widget elementor-widget-text-editor\" data-id=\"5707ae9a\" data-element_type=\"widget\" data-e-type=\"widget\" data-widget_type=\"text-editor.default\">\n\t\t\t\t<div class=\"elementor-widget-container\">\n\t\t\t\t\t\t\t\t\t<p><strong>Where is the reception desk of the Alpenresorts and when is it open?<\/strong><\/p>\n<p data-start=\"42\" data-end=\"135\">The reception for all Alpenresorts is located at <strong data-start=\"91\" data-end=\"111\">Laudegghof Ladis<\/strong>, Unterdorf 43 in Ladis. You can find the opening hours in the <strong data-start=\"175\" data-end=\"187\">GuestApp<\/strong> (there\u2019s a QR code in your accommodation). You can also reach them almost anytime by phone or WhatsApp at <strong data-start=\"295\" data-end=\"316\">+43 664 533 20 30<\/strong>.<\/p>\n\t\t\t\t\t\t\t\t<\/div>\n\t\t\t\t<\/div>\n\t\t\t\t<\/div>\n\t\t\t\t<\/div>\n\t\t\t\t\t<\/details>\n\t\t\t\t\t\t<details id=\"e-n-accordion-item-4119\" class=\"e-n-accordion-item\" >\n\t\t\t\t<summary class=\"e-n-accordion-item-title\" data-accordion-index=\"10\" tabindex=\"-1\" aria-expanded=\"false\" aria-controls=\"e-n-accordion-item-4119\" >\n\t\t\t\t\t<span class='e-n-accordion-item-title-header'><div class=\"e-n-accordion-item-title-text\"> Cancellations  <\/div><\/span>\n\t\t\t\t\t\t\t<span class='e-n-accordion-item-title-icon'>\n\t\t\t<span class='e-opened' ><i aria-hidden=\"true\" class=\"pfeile pfeileelement-25\"><\/i><\/span>\n\t\t\t<span class='e-closed'><i aria-hidden=\"true\" class=\"pfeile pfeileelement-26\"><\/i><\/span>\n\t\t<\/span>\n\n\t\t\t\t\t\t<\/summary>\n\t\t\t\t<div role=\"region\" aria-labelledby=\"e-n-accordion-item-4119\" class=\"elementor-element elementor-element-6cb998ee e-con-full e-flex e-con e-child\" data-id=\"6cb998ee\" data-element_type=\"container\" data-e-type=\"container\">\n\t\t<div role=\"region\" aria-labelledby=\"e-n-accordion-item-4119\" class=\"elementor-element elementor-element-3e682e4e e-con-full e-flex e-con e-child\" data-id=\"3e682e4e\" data-element_type=\"container\" data-e-type=\"container\">\n\t\t\t\t<div class=\"elementor-element elementor-element-46b73b21 elementor-widget elementor-widget-text-editor\" data-id=\"46b73b21\" data-element_type=\"widget\" data-e-type=\"widget\" data-widget_type=\"text-editor.default\">\n\t\t\t\t<div class=\"elementor-widget-container\">\n\t\t\t\t\t\t\t\t\t<p><strong>Under what conditions can we cancel our booking?<\/strong><\/p>\n<p style=\"font-weight: 400;\"><strong>Cancellations for Flexible Bookings<\/strong><\/p>\n<p><\/p>\n<p style=\"font-weight: 400;\">Cancellations as well as early departures will be charged as follows:<\/p>\n<ul style=\"font-weight: 400;\">\n<li><strong>3 months to 1 month before arrival:<\/strong> 40% of the total price<\/li>\n<li><strong>1 month to 1 week before arrival:<\/strong> 70% of the total price<\/li>\n<li><strong>Within the last week before arrival:<\/strong> 90% of the total price<\/li>\n<li><strong>1 day before arrival or in case of no-show:<\/strong> 100% of the total price<\/li>\n<\/ul>\n<p><\/p>\n<p style=\"font-weight: 400;\">Regardless of the time of cancellation, a <strong>processing fee of \u20ac50.00<\/strong> per studio \/ apartment \/ lodge \/ chalet will be charged.<\/p>\n<p><\/p>\n<p style=\"font-weight: 400;\">The right of withdrawal pursuant to \u00a7 18 para. 1 item 10 of the Austrian Consumer Protection Act (FAGG) is excluded. Instead, the <strong>Austrian Hotel Contract Conditions (AGBH 2006)<\/strong> shall apply.<br \/>\nCancellations are <strong>only valid if made in writing<\/strong>.<\/p>\n<p><\/p>\n<p style=\"font-weight: 400;\">In the event of late arrival or early departure, <strong>unused arrangements will be charged in full<\/strong>.<\/p>\n<p><\/p>\n<p style=\"font-weight: 400;\"><strong>Cancellations for Fixed (Non-Refundable) Bookings<\/strong><\/p>\n<p><\/p>\n<p style=\"font-weight: 400;\">Fixed bookings are <strong>non-refundable in the event of cancellation, modification, or no-show<\/strong>.<\/p>\n\t\t\t\t\t\t\t\t<\/div>\n\t\t\t\t<\/div>\n\t\t\t\t<\/div>\n\t\t\t\t<\/div>\n\t\t\t\t\t<\/details>\n\t\t\t\t\t\t<details id=\"e-n-accordion-item-41110\" class=\"e-n-accordion-item\" >\n\t\t\t\t<summary class=\"e-n-accordion-item-title\" data-accordion-index=\"11\" tabindex=\"-1\" aria-expanded=\"false\" aria-controls=\"e-n-accordion-item-41110\" >\n\t\t\t\t\t<span class='e-n-accordion-item-title-header'><div class=\"e-n-accordion-item-title-text\"> Travel insurance  <\/div><\/span>\n\t\t\t\t\t\t\t<span class='e-n-accordion-item-title-icon'>\n\t\t\t<span class='e-opened' ><i aria-hidden=\"true\" class=\"pfeile pfeileelement-25\"><\/i><\/span>\n\t\t\t<span class='e-closed'><i aria-hidden=\"true\" class=\"pfeile pfeileelement-26\"><\/i><\/span>\n\t\t<\/span>\n\n\t\t\t\t\t\t<\/summary>\n\t\t\t\t<div role=\"region\" aria-labelledby=\"e-n-accordion-item-41110\" class=\"elementor-element elementor-element-321ac91 e-con-full e-flex e-con e-child\" data-id=\"321ac91\" data-element_type=\"container\" data-e-type=\"container\">\n\t\t<div role=\"region\" aria-labelledby=\"e-n-accordion-item-41110\" class=\"elementor-element elementor-element-0d11dbd e-con-full e-flex e-con e-child\" data-id=\"0d11dbd\" data-element_type=\"container\" data-e-type=\"container\">\n\t\t\t\t<div class=\"elementor-element elementor-element-302546e elementor-widget elementor-widget-text-editor\" data-id=\"302546e\" data-element_type=\"widget\" data-e-type=\"widget\" data-widget_type=\"text-editor.default\">\n\t\t\t\t<div class=\"elementor-widget-container\">\n\t\t\t\t\t\t\t\t\t<p>We know from experience that despite all the anticipation of a booked vacation, something can always come up at short notice. To avoid costs and hassle, we recommend that you take out <a href=\"https:\/\/start.europaeische.at\/index.php?key=hsp&amp;agencyNumber=10022611\" target=\"_blank\" rel=\"noopener\" data-mce-href=\"https:\/\/start.europaeische.at\/index.php?key=hsp&amp;agencyNumber=10022611\">cancellation insurance<\/a>: As a precaution for cancellations as well as early departures and mountain rescue (incl. helicopter rescue), we recommend taking out the Hotelstorno Plus insurance package or the comprehensive Hotelstorno Premium insurance package (incl. accident benefits).<\/p>\n<p><strong>Are you insured via your credit card provider? <\/strong><\/p>\n<p>Travel insurance is included by default for many credit cards. <strong>Be careful!<\/strong> This is usually only valid for the cardholder, which means that in the event of a cancellation, only the cardholder\u2019s share is reimbursed and the rest of the family is often not insured. Please check whether you are sufficiently insured. You can obtain more information from your credit card company.<\/p>\n\t\t\t\t\t\t\t\t<\/div>\n\t\t\t\t<\/div>\n\t\t\t\t<\/div>\n\t\t\t\t<\/div>\n\t\t\t\t\t<\/details>\n\t\t\t\t\t\t<details id=\"e-n-accordion-item-41111\" class=\"e-n-accordion-item\" >\n\t\t\t\t<summary class=\"e-n-accordion-item-title\" data-accordion-index=\"12\" tabindex=\"-1\" aria-expanded=\"false\" aria-controls=\"e-n-accordion-item-41111\" >\n\t\t\t\t\t<span class='e-n-accordion-item-title-header'><div class=\"e-n-accordion-item-title-text\"> Super Summer Card  <\/div><\/span>\n\t\t\t\t\t\t\t<span class='e-n-accordion-item-title-icon'>\n\t\t\t<span class='e-opened' ><i aria-hidden=\"true\" class=\"pfeile pfeileelement-25\"><\/i><\/span>\n\t\t\t<span class='e-closed'><i aria-hidden=\"true\" class=\"pfeile pfeileelement-26\"><\/i><\/span>\n\t\t<\/span>\n\n\t\t\t\t\t\t<\/summary>\n\t\t\t\t<div role=\"region\" aria-labelledby=\"e-n-accordion-item-41111\" class=\"elementor-element elementor-element-56f724cd e-con-full e-flex e-con e-child\" data-id=\"56f724cd\" data-element_type=\"container\" data-e-type=\"container\">\n\t\t<div role=\"region\" aria-labelledby=\"e-n-accordion-item-41111\" class=\"elementor-element elementor-element-7f31b185 e-con-full e-flex e-con e-child\" data-id=\"7f31b185\" data-element_type=\"container\" data-e-type=\"container\">\n\t\t\t\t<div class=\"elementor-element elementor-element-62e98f4c elementor-widget elementor-widget-text-editor\" data-id=\"62e98f4c\" data-element_type=\"widget\" data-e-type=\"widget\" data-widget_type=\"text-editor.default\">\n\t\t\t\t<div class=\"elementor-widget-container\">\n\t\t\t\t\t\t\t\t\t<p><strong>From when to when is the Super Summer Card valid?<\/strong><\/p>\n<p>The card is included with all bookings at the Alpenresorts Ladis from <strong data-start=\"107\" data-end=\"138\">June 14 to October 19, 2025<\/strong>, and from <strong data-start=\"149\" data-end=\"180\">June 13 to October 11, 2026<\/strong>.<\/p>\n\t\t\t\t\t\t\t\t<\/div>\n\t\t\t\t<\/div>\n\t\t\t\t<\/div>\n\t\t\t\t<\/div>\n\t\t\t\t\t<\/details>\n\t\t\t\t\t\t<details id=\"e-n-accordion-item-41112\" class=\"e-n-accordion-item\" >\n\t\t\t\t<summary class=\"e-n-accordion-item-title\" data-accordion-index=\"13\" tabindex=\"-1\" aria-expanded=\"false\" aria-controls=\"e-n-accordion-item-41112\" >\n\t\t\t\t\t<span class='e-n-accordion-item-title-header'><div class=\"e-n-accordion-item-title-text\"> Forgotten items <\/div><\/span>\n\t\t\t\t\t\t\t<span class='e-n-accordion-item-title-icon'>\n\t\t\t<span class='e-opened' ><i aria-hidden=\"true\" class=\"pfeile pfeileelement-25\"><\/i><\/span>\n\t\t\t<span class='e-closed'><i aria-hidden=\"true\" class=\"pfeile pfeileelement-26\"><\/i><\/span>\n\t\t<\/span>\n\n\t\t\t\t\t\t<\/summary>\n\t\t\t\t<div role=\"region\" aria-labelledby=\"e-n-accordion-item-41112\" class=\"elementor-element elementor-element-6f95400a e-con-full e-flex e-con e-child\" data-id=\"6f95400a\" data-element_type=\"container\" data-e-type=\"container\">\n\t\t<div role=\"region\" aria-labelledby=\"e-n-accordion-item-41112\" class=\"elementor-element elementor-element-3f0c8048 e-con-full e-flex e-con e-child\" data-id=\"3f0c8048\" data-element_type=\"container\" data-e-type=\"container\">\n\t\t\t\t<div class=\"elementor-element elementor-element-921f65d elementor-widget elementor-widget-text-editor\" data-id=\"921f65d\" data-element_type=\"widget\" data-e-type=\"widget\" data-widget_type=\"text-editor.default\">\n\t\t\t\t<div class=\"elementor-widget-container\">\n\t\t\t\t\t\t\t\t\t<p><strong>What happens if we leave something in the accommodation?<\/strong><\/p>\n<p>All items that are left behind will be stored until the end of the season. If we have not received any message from you, they will be donated to a charitable cause. (Items that are left behind will not be automatically forwarded by mail or parcel service.) We will have to charge for the cost of returning forgotten items (travel, packaging, shipping, insurance and valuable time).<\/p>\n\t\t\t\t\t\t\t\t<\/div>\n\t\t\t\t<\/div>\n\t\t\t\t<\/div>\n\t\t\t\t<\/div>\n\t\t\t\t\t<\/details>\n\t\t\t\t\t\t<details id=\"e-n-accordion-item-41113\" class=\"e-n-accordion-item\" >\n\t\t\t\t<summary class=\"e-n-accordion-item-title\" data-accordion-index=\"14\" tabindex=\"-1\" aria-expanded=\"false\" aria-controls=\"e-n-accordion-item-41113\" >\n\t\t\t\t\t<span class='e-n-accordion-item-title-header'><div class=\"e-n-accordion-item-title-text\"> Additional guests  <\/div><\/span>\n\t\t\t\t\t\t\t<span class='e-n-accordion-item-title-icon'>\n\t\t\t<span class='e-opened' ><i aria-hidden=\"true\" class=\"pfeile pfeileelement-25\"><\/i><\/span>\n\t\t\t<span class='e-closed'><i aria-hidden=\"true\" class=\"pfeile pfeileelement-26\"><\/i><\/span>\n\t\t<\/span>\n\n\t\t\t\t\t\t<\/summary>\n\t\t\t\t<div role=\"region\" aria-labelledby=\"e-n-accordion-item-41113\" class=\"elementor-element elementor-element-403b6799 e-con-full e-flex e-con e-child\" data-id=\"403b6799\" data-element_type=\"container\" data-e-type=\"container\">\n\t\t<div role=\"region\" aria-labelledby=\"e-n-accordion-item-41113\" class=\"elementor-element elementor-element-20c1d0e3 e-con-full e-flex e-con e-child\" data-id=\"20c1d0e3\" data-element_type=\"container\" data-e-type=\"container\">\n\t\t\t\t<div class=\"elementor-element elementor-element-54a8e22a elementor-widget elementor-widget-text-editor\" data-id=\"54a8e22a\" data-element_type=\"widget\" data-e-type=\"widget\" data-widget_type=\"text-editor.default\">\n\t\t\t\t<div class=\"elementor-widget-container\">\n\t\t\t\t\t\t\t\t\t<p><strong>What happens if more people want to come along than were booked? <\/strong><\/p>\n<p>No problem! Just let us know us in writing or by phone and we will gladly let you know if this is possible.<\/p>\n\t\t\t\t\t\t\t\t<\/div>\n\t\t\t\t<\/div>\n\t\t\t\t<\/div>\n\t\t\t\t<\/div>\n\t\t\t\t\t<\/details>\n\t\t\t\t\t\t<details id=\"e-n-accordion-item-41114\" class=\"e-n-accordion-item\" >\n\t\t\t\t<summary class=\"e-n-accordion-item-title\" data-accordion-index=\"15\" tabindex=\"-1\" aria-expanded=\"false\" aria-controls=\"e-n-accordion-item-41114\" >\n\t\t\t\t\t<span class='e-n-accordion-item-title-header'><div class=\"e-n-accordion-item-title-text\"> Additional information  <\/div><\/span>\n\t\t\t\t\t\t\t<span class='e-n-accordion-item-title-icon'>\n\t\t\t<span class='e-opened' ><i aria-hidden=\"true\" class=\"pfeile pfeileelement-25\"><\/i><\/span>\n\t\t\t<span class='e-closed'><i aria-hidden=\"true\" class=\"pfeile pfeileelement-26\"><\/i><\/span>\n\t\t<\/span>\n\n\t\t\t\t\t\t<\/summary>\n\t\t\t\t<div role=\"region\" aria-labelledby=\"e-n-accordion-item-41114\" class=\"elementor-element elementor-element-26fcf5d5 e-con-full e-flex e-con e-child\" data-id=\"26fcf5d5\" data-element_type=\"container\" data-e-type=\"container\">\n\t\t<div role=\"region\" aria-labelledby=\"e-n-accordion-item-41114\" class=\"elementor-element elementor-element-241dbdd e-con-full e-flex e-con e-child\" data-id=\"241dbdd\" data-element_type=\"container\" data-e-type=\"container\">\n\t\t\t\t<div class=\"elementor-element elementor-element-5d1c26ad elementor-widget elementor-widget-text-editor\" data-id=\"5d1c26ad\" data-element_type=\"widget\" data-e-type=\"widget\" data-widget_type=\"text-editor.default\">\n\t\t\t\t<div class=\"elementor-widget-container\">\n\t\t\t\t\t\t\t\t\t<p><strong>Is there anything else I should know?<\/strong><\/p>\n<ul>\n<li>We ask you to book package deals in advance!<\/li>\n<li>Subject to price changes, printing errors, and mistakes, as well as changes to special offers.<\/li>\n<li>In the event of unforeseen price increases there may be a rate adjustment. We ask for your understanding.<\/li>\n<li>The prices are calculated according to occupancy\/availability in the various categories and at the specified seasonal rates.The <a href=\"http:\/\/www.wko.at\/oe\/tourismus-freizeitwirtschaft\/hotellerie\/agbh-englisch.pdf\" target=\"_blank\" rel=\"noopener\" data-mce-href=\"http:\/\/www.wko.at\/oe\/tourismus-freizeitwirtschaft\/hotellerie\/agbh-englisch.pdf\">2006 General Terms and Conditions of the Austrian Hotel Industry (ABGH)<\/a> apply.<\/li>\n<\/ul>\n\t\t\t\t\t\t\t\t<\/div>\n\t\t\t\t<\/div>\n\t\t\t\t<\/div>\n\t\t\t\t<\/div>\n\t\t\t\t\t<\/details>\n\t\t\t\t\t<\/div>\n\t\t\t\t\t\t<\/div>\n\t\t\t\t<\/div>\n\t\t\t\t<\/div>\n\t\t\t\t<\/div>\n\t\t\t\t<\/div>\n\t\t\t\t\t\t<\/div>\n\t\t\t\t<\/div>\n\t\t\t\t\t<\/div>\n\t\t\t\t<\/div>\n\t\t<div class=\"elementor-element elementor-element-b7ba0a4 e-flex e-con-boxed e-con e-parent\" data-id=\"b7ba0a4\" data-element_type=\"container\" data-e-type=\"container\">\n\t\t\t\t\t<div class=\"e-con-inner\">\n\t\t\t\t<div class=\"elementor-element elementor-element-c957843 elementor-widget elementor-widget-video\" data-id=\"c957843\" data-element_type=\"widget\" data-e-type=\"widget\" data-settings=\"{&quot;youtube_url&quot;:&quot;https:\\\/\\\/www.youtube.com\\\/watch?v=f0rVJbpnRcc&quot;,&quot;video_type&quot;:&quot;youtube&quot;,&quot;controls&quot;:&quot;yes&quot;}\" data-widget_type=\"video.default\">\n\t\t\t\t<div class=\"elementor-widget-container\">\n\t\t\t\t\t\t\t<div class=\"elementor-wrapper elementor-open-inline\">\n\t\t\t<div class=\"elementor-video\"><\/div>\t\t<\/div>\n\t\t\t\t\t\t<\/div>\n\t\t\t\t<\/div>\n\t\t\t\t\t<\/div>\n\t\t\t\t<\/div>\n\t\t<div class=\"elementor-element elementor-element-ab50861 e-flex e-con-boxed e-con e-parent\" data-id=\"ab50861\" data-element_type=\"container\" data-e-type=\"container\">\n\t\t\t\t\t<div class=\"e-con-inner\">\n\t\t\t\t<div class=\"elementor-element elementor-element-7887494 uael-img-grid-tablet_extra__column-4 uael-img-grid-tablet__column-4 uael-img-grid__column-4 uael-img-grid-mobile__column-2 uael-ins-normal elementor-widget elementor-widget-uael-image-gallery\" data-id=\"7887494\" data-element_type=\"widget\" data-e-type=\"widget\" data-settings=\"{&quot;gallery_columns_tablet_extra&quot;:&quot;4&quot;,&quot;gallery_columns_tablet&quot;:&quot;4&quot;,&quot;gallery_columns&quot;:&quot;4&quot;,&quot;gallery_columns_mobile&quot;:&quot;2&quot;,&quot;column_gap&quot;:{&quot;unit&quot;:&quot;px&quot;,&quot;size&quot;:20,&quot;sizes&quot;:[]},&quot;column_gap_laptop&quot;:{&quot;unit&quot;:&quot;px&quot;,&quot;size&quot;:&quot;&quot;,&quot;sizes&quot;:[]},&quot;column_gap_tablet_extra&quot;:{&quot;unit&quot;:&quot;px&quot;,&quot;size&quot;:&quot;&quot;,&quot;sizes&quot;:[]},&quot;column_gap_tablet&quot;:{&quot;unit&quot;:&quot;px&quot;,&quot;size&quot;:&quot;&quot;,&quot;sizes&quot;:[]},&quot;column_gap_mobile_extra&quot;:{&quot;unit&quot;:&quot;px&quot;,&quot;size&quot;:&quot;&quot;,&quot;sizes&quot;:[]},&quot;column_gap_mobile&quot;:{&quot;unit&quot;:&quot;px&quot;,&quot;size&quot;:&quot;&quot;,&quot;sizes&quot;:[]},&quot;row_gap&quot;:{&quot;unit&quot;:&quot;px&quot;,&quot;size&quot;:20,&quot;sizes&quot;:[]},&quot;row_gap_laptop&quot;:{&quot;unit&quot;:&quot;px&quot;,&quot;size&quot;:&quot;&quot;,&quot;sizes&quot;:[]},&quot;row_gap_tablet_extra&quot;:{&quot;unit&quot;:&quot;px&quot;,&quot;size&quot;:&quot;&quot;,&quot;sizes&quot;:[]},&quot;row_gap_tablet&quot;:{&quot;unit&quot;:&quot;px&quot;,&quot;size&quot;:&quot;&quot;,&quot;sizes&quot;:[]},&quot;row_gap_mobile_extra&quot;:{&quot;unit&quot;:&quot;px&quot;,&quot;size&quot;:&quot;&quot;,&quot;sizes&quot;:[]},&quot;row_gap_mobile&quot;:{&quot;unit&quot;:&quot;px&quot;,&quot;size&quot;:&quot;&quot;,&quot;sizes&quot;:[]}}\" data-widget_type=\"uael-image-gallery.default\">\n\t\t\t\t<div class=\"elementor-widget-container\">\n\t\t\t\t\t<div class=\"uael-gallery-parent uael-caption- uael-gallery-unjustified\"><div class=\"uael-img-gallery-wrap uael-img-masonry-wrap uael-img-grid-masonry-wrap uael-masonry uael-image-lightbox-wrap\" data-filter-default=\"All\" data-lightbox_actions=\"[&quot;close&quot;]\" data-lightbox-gallery-loop=\"\"><div class=\"uael-grid-item  uael-img-gallery-item-1\"><div class=\"uael-grid-item-content\"><a class=\"uael-grid-img uael-grid-gallery-img uael-ins-hover elementor-clickable\" data-fancybox=\"uael-gallery\" href=\"https:\/\/alpenresorts-ladis.at\/wp-content\/uploads\/2024\/10\/Alpenresorts_Ladis_Chalet_Laudegg_Innenaufnahmen_001-1.jpg\" data-elementor-open-lightbox=\"no\"><div class=\"uael-grid-img-thumbnail uael-ins-target\"><img decoding=\"async\" width=\"1000\" height=\"667\" src=\"https:\/\/alpenresorts-ladis.at\/wp-content\/uploads\/2024\/10\/Alpenresorts_Ladis_Chalet_Laudegg_Innenaufnahmen_001-1.jpg\" class=\"attachment-full size-full wp-image-10985\" alt=\"Gem\u00fctliches Zimmer im Chalet Laudegg in Ladis mit Holzboden, einer Sitzecke mit zwei Sesseln, einem kleinen Tisch und eingebauten Sitzecken an mehreren Fenstern. Eine Stehlampe und ein dekoratives Geweihst\u00fcck schm\u00fccken den Raum. Durch das Fenster sind schneebedeckte Berge sichtbar.\" srcset=\"https:\/\/alpenresorts-ladis.at\/wp-content\/uploads\/2024\/10\/Alpenresorts_Ladis_Chalet_Laudegg_Innenaufnahmen_001-1.jpg 1000w, https:\/\/alpenresorts-ladis.at\/wp-content\/uploads\/2024\/10\/Alpenresorts_Ladis_Chalet_Laudegg_Innenaufnahmen_001-1-300x200.jpg 300w, https:\/\/alpenresorts-ladis.at\/wp-content\/uploads\/2024\/10\/Alpenresorts_Ladis_Chalet_Laudegg_Innenaufnahmen_001-1-768x512.jpg 768w\" sizes=\"(max-width: 1000px) 100vw, 1000px\" \/><\/div><div class=\"uael-grid-img-overlay\"><\/div><\/a><\/div><\/div><div class=\"uael-grid-item  uael-img-gallery-item-2\"><div class=\"uael-grid-item-content\"><a class=\"uael-grid-img uael-grid-gallery-img uael-ins-hover elementor-clickable\" data-fancybox=\"uael-gallery\" href=\"https:\/\/alpenresorts-ladis.at\/wp-content\/uploads\/2024\/10\/Alpenresorts_Ladis_Chalet_Laudegg_Innenaufnahmen_002.jpg\" data-elementor-open-lightbox=\"no\"><div class=\"uael-grid-img-thumbnail uael-ins-target\"><img loading=\"lazy\" decoding=\"async\" width=\"1000\" height=\"667\" src=\"https:\/\/alpenresorts-ladis.at\/wp-content\/uploads\/2024\/10\/Alpenresorts_Ladis_Chalet_Laudegg_Innenaufnahmen_002.jpg\" class=\"attachment-full size-full wp-image-10987\" alt=\"Ein gem\u00fctlicher Essbereich im Chalet Laudegg mit einem gro\u00dfen, runden Holztisch, umgeben von gepolsterten B\u00e4nken und einem einzelnen Stuhl. Dekorative Glasfenster lassen Tageslicht herein, erg\u00e4nzt durch eine moderne H\u00e4ngelampe. Der Raum verf\u00fcgt \u00fcber Holzb\u00f6den und -verkleidungen und f\u00e4ngt den Charme von Ladis ein.\" srcset=\"https:\/\/alpenresorts-ladis.at\/wp-content\/uploads\/2024\/10\/Alpenresorts_Ladis_Chalet_Laudegg_Innenaufnahmen_002.jpg 1000w, https:\/\/alpenresorts-ladis.at\/wp-content\/uploads\/2024\/10\/Alpenresorts_Ladis_Chalet_Laudegg_Innenaufnahmen_002-300x200.jpg 300w, https:\/\/alpenresorts-ladis.at\/wp-content\/uploads\/2024\/10\/Alpenresorts_Ladis_Chalet_Laudegg_Innenaufnahmen_002-768x512.jpg 768w\" sizes=\"(max-width: 1000px) 100vw, 1000px\" \/><\/div><div class=\"uael-grid-img-overlay\"><\/div><\/a><\/div><\/div><div class=\"uael-grid-item  uael-img-gallery-item-3\"><div class=\"uael-grid-item-content\"><a class=\"uael-grid-img uael-grid-gallery-img uael-ins-hover elementor-clickable\" data-fancybox=\"uael-gallery\" href=\"https:\/\/alpenresorts-ladis.at\/wp-content\/uploads\/2024\/12\/Chalet-Laudegg-Alpenresorts-Ladis-Deluxe-08.jpg\" data-elementor-open-lightbox=\"no\"><div class=\"uael-grid-img-thumbnail uael-ins-target\"><img loading=\"lazy\" decoding=\"async\" width=\"1000\" height=\"667\" src=\"https:\/\/alpenresorts-ladis.at\/wp-content\/uploads\/2024\/12\/Chalet-Laudegg-Alpenresorts-Ladis-Deluxe-08.jpg\" class=\"attachment-full size-full wp-image-11141\" alt=\"Ein gem\u00fctliches Dachzimmer, das an das Chalet Laudegg in Ladis erinnert, mit Holzw\u00e4nden und -decke. Ein hellblaues Sofa mit einem Hirschkissen steht einem grauen Fellteppich auf dem Holzboden gegen\u00fcber. Im Hintergrund lugt ein Bett hervor, das durch eine Lattentrennwand und eine Ziegelstein-Akzentwand abgetrennt ist.\" srcset=\"https:\/\/alpenresorts-ladis.at\/wp-content\/uploads\/2024\/12\/Chalet-Laudegg-Alpenresorts-Ladis-Deluxe-08.jpg 1000w, https:\/\/alpenresorts-ladis.at\/wp-content\/uploads\/2024\/12\/Chalet-Laudegg-Alpenresorts-Ladis-Deluxe-08-300x200.jpg 300w, https:\/\/alpenresorts-ladis.at\/wp-content\/uploads\/2024\/12\/Chalet-Laudegg-Alpenresorts-Ladis-Deluxe-08-768x512.jpg 768w\" sizes=\"(max-width: 1000px) 100vw, 1000px\" \/><\/div><div class=\"uael-grid-img-overlay\"><\/div><\/a><\/div><\/div><div class=\"uael-grid-item  uael-img-gallery-item-4\"><div class=\"uael-grid-item-content\"><a class=\"uael-grid-img uael-grid-gallery-img uael-ins-hover elementor-clickable\" data-fancybox=\"uael-gallery\" href=\"https:\/\/alpenresorts-ladis.at\/wp-content\/uploads\/2024\/12\/Chalet-Laudegg-Alpenresorts-Ladis-Deluxe-02-1.jpg\" data-elementor-open-lightbox=\"no\"><div class=\"uael-grid-img-thumbnail uael-ins-target\"><img loading=\"lazy\" decoding=\"async\" width=\"1000\" height=\"667\" src=\"https:\/\/alpenresorts-ladis.at\/wp-content\/uploads\/2024\/12\/Chalet-Laudegg-Alpenresorts-Ladis-Deluxe-02-1.jpg\" class=\"attachment-full size-full wp-image-11137\" alt=\"Ein gem\u00fctliches Schlafzimmer im Dachgeschoss des Chalet Laudegg in Ladis mit schr\u00e4ger Holzdecke. Es bietet ein Doppelbett mit frischer wei\u00dfer Bettw\u00e4sche und einem dunklen, gepolsterten Kopfteil. Links steht ein Beistelltisch mit einer Lampe, w\u00e4hrend rechts ein Wandgem\u00e4lde einer majest\u00e4tischen Bergziege f\u00fcr Charme sorgt.\" srcset=\"https:\/\/alpenresorts-ladis.at\/wp-content\/uploads\/2024\/12\/Chalet-Laudegg-Alpenresorts-Ladis-Deluxe-02-1.jpg 1000w, https:\/\/alpenresorts-ladis.at\/wp-content\/uploads\/2024\/12\/Chalet-Laudegg-Alpenresorts-Ladis-Deluxe-02-1-300x200.jpg 300w, https:\/\/alpenresorts-ladis.at\/wp-content\/uploads\/2024\/12\/Chalet-Laudegg-Alpenresorts-Ladis-Deluxe-02-1-768x512.jpg 768w\" sizes=\"(max-width: 1000px) 100vw, 1000px\" \/><\/div><div class=\"uael-grid-img-overlay\"><\/div><\/a><\/div><\/div><div class=\"uael-grid-item  uael-img-gallery-item-5\"><div class=\"uael-grid-item-content\"><a class=\"uael-grid-img uael-grid-gallery-img uael-ins-hover elementor-clickable\" data-fancybox=\"uael-gallery\" href=\"https:\/\/alpenresorts-ladis.at\/wp-content\/uploads\/2024\/12\/Chalet-Laudegg-Alpenresorts-Ladis-Deluxe-18.jpg\" data-elementor-open-lightbox=\"no\"><div class=\"uael-grid-img-thumbnail uael-ins-target\"><img loading=\"lazy\" decoding=\"async\" width=\"1000\" height=\"667\" src=\"https:\/\/alpenresorts-ladis.at\/wp-content\/uploads\/2024\/12\/Chalet-Laudegg-Alpenresorts-Ladis-Deluxe-18.jpg\" class=\"attachment-full size-full wp-image-11149\" alt=\"Ein gem\u00fctliches Holzzimmer im Chalet Laudegg mit einer Sauna mit Glast\u00fcr. Der Raum verf\u00fcgt \u00fcber eine Dachschr\u00e4ge und holzget\u00e4felte W\u00e4nde. Darin befinden sich ein grauer Sitzsack und ein kleiner Hocker. Gerahmte Schwarzwei\u00dffotos schm\u00fccken die W\u00e4nde dieses charmanten R\u00fcckzugsorts in Ladis.\" srcset=\"https:\/\/alpenresorts-ladis.at\/wp-content\/uploads\/2024\/12\/Chalet-Laudegg-Alpenresorts-Ladis-Deluxe-18.jpg 1000w, https:\/\/alpenresorts-ladis.at\/wp-content\/uploads\/2024\/12\/Chalet-Laudegg-Alpenresorts-Ladis-Deluxe-18-300x200.jpg 300w, https:\/\/alpenresorts-ladis.at\/wp-content\/uploads\/2024\/12\/Chalet-Laudegg-Alpenresorts-Ladis-Deluxe-18-768x512.jpg 768w\" sizes=\"(max-width: 1000px) 100vw, 1000px\" \/><\/div><div class=\"uael-grid-img-overlay\"><\/div><\/a><\/div><\/div><div class=\"uael-grid-item  uael-img-gallery-item-6\"><div class=\"uael-grid-item-content\"><a class=\"uael-grid-img uael-grid-gallery-img uael-ins-hover elementor-clickable\" data-fancybox=\"uael-gallery\" href=\"https:\/\/alpenresorts-ladis.at\/wp-content\/uploads\/2024\/12\/Chalet-Laudegg-Alpenresorts-Ladis-Deluxe-19.jpg\" data-elementor-open-lightbox=\"no\"><div class=\"uael-grid-img-thumbnail uael-ins-target\"><img loading=\"lazy\" decoding=\"async\" width=\"1000\" height=\"667\" src=\"https:\/\/alpenresorts-ladis.at\/wp-content\/uploads\/2024\/12\/Chalet-Laudegg-Alpenresorts-Ladis-Deluxe-19.jpg\" class=\"attachment-full size-full wp-image-11151\" alt=\"Der h\u00f6lzerne Saunainnenraum im Chalet Laudegg in Ladis ist mit blauen LED-Leuchten an den W\u00e4nden ausgestattet. Ein Metalleimer und eine Holzkelle stehen neben einem gefalteten Handtuch auf der Bank. Die W\u00e4nde und die Decke aus Holzplanken schaffen eine warme, gem\u00fctliche Atmosph\u00e4re.\" srcset=\"https:\/\/alpenresorts-ladis.at\/wp-content\/uploads\/2024\/12\/Chalet-Laudegg-Alpenresorts-Ladis-Deluxe-19.jpg 1000w, https:\/\/alpenresorts-ladis.at\/wp-content\/uploads\/2024\/12\/Chalet-Laudegg-Alpenresorts-Ladis-Deluxe-19-300x200.jpg 300w, https:\/\/alpenresorts-ladis.at\/wp-content\/uploads\/2024\/12\/Chalet-Laudegg-Alpenresorts-Ladis-Deluxe-19-768x512.jpg 768w\" sizes=\"(max-width: 1000px) 100vw, 1000px\" \/><\/div><div class=\"uael-grid-img-overlay\"><\/div><\/a><\/div><\/div><div class=\"uael-grid-item  uael-img-gallery-item-7\"><div class=\"uael-grid-item-content\"><a class=\"uael-grid-img uael-grid-gallery-img uael-ins-hover elementor-clickable\" data-fancybox=\"uael-gallery\" href=\"https:\/\/alpenresorts-ladis.at\/wp-content\/uploads\/2024\/12\/Chalet-Laudegg-Alpenresorts-Ladis-Deluxe-21.jpg\" data-elementor-open-lightbox=\"no\"><div class=\"uael-grid-img-thumbnail uael-ins-target\"><img loading=\"lazy\" decoding=\"async\" width=\"1000\" height=\"667\" src=\"https:\/\/alpenresorts-ladis.at\/wp-content\/uploads\/2024\/12\/Chalet-Laudegg-Alpenresorts-Ladis-Deluxe-21.jpg\" class=\"attachment-full size-full wp-image-11153\" alt=\"Ein gem\u00fctliches, rustikales Holzzimmer im Chalet Laudegg in Ladis ist mit gerahmten Schwarzwei\u00dffotos, Holzscheiten an den W\u00e4nden und Regalen mit aufgerollten Handt\u00fcchern ausgestattet. Auf dem Holzboden liegt ein Fellteppich, w\u00e4hrend warmes Licht einen gew\u00f6lbten T\u00fcrrahmen im Hintergrund hervorhebt.\" srcset=\"https:\/\/alpenresorts-ladis.at\/wp-content\/uploads\/2024\/12\/Chalet-Laudegg-Alpenresorts-Ladis-Deluxe-21.jpg 1000w, https:\/\/alpenresorts-ladis.at\/wp-content\/uploads\/2024\/12\/Chalet-Laudegg-Alpenresorts-Ladis-Deluxe-21-300x200.jpg 300w, https:\/\/alpenresorts-ladis.at\/wp-content\/uploads\/2024\/12\/Chalet-Laudegg-Alpenresorts-Ladis-Deluxe-21-768x512.jpg 768w\" sizes=\"(max-width: 1000px) 100vw, 1000px\" \/><\/div><div class=\"uael-grid-img-overlay\"><\/div><\/a><\/div><\/div><div class=\"uael-grid-item  uael-img-gallery-item-8\"><div class=\"uael-grid-item-content\"><a class=\"uael-grid-img uael-grid-gallery-img uael-ins-hover elementor-clickable\" data-fancybox=\"uael-gallery\" href=\"https:\/\/alpenresorts-ladis.at\/wp-content\/uploads\/2024\/10\/Alpenresorts_Ladis_Chalet_Laudegg_Innenaufnahmen_004.jpg\" data-elementor-open-lightbox=\"no\"><div class=\"uael-grid-img-thumbnail uael-ins-target\"><img loading=\"lazy\" decoding=\"async\" width=\"1000\" height=\"667\" src=\"https:\/\/alpenresorts-ladis.at\/wp-content\/uploads\/2024\/10\/Alpenresorts_Ladis_Chalet_Laudegg_Innenaufnahmen_004.jpg\" class=\"attachment-full size-full wp-image-10989\" alt=\"Gem\u00fctliches Wohnzimmer im Chalet Laudegg in Ladis mit Holzb\u00f6den und Deckenbalken. Mit zwei St\u00fchlen, einer Bank mit Kissen und einem kleinen Couchtisch. Gro\u00dfe Fenster mit Vorh\u00e4ngen lassen Tageslicht herein. Eine moderne Wandlampe und ein dekorativer Holzofen sorgen f\u00fcr Charme.\" srcset=\"https:\/\/alpenresorts-ladis.at\/wp-content\/uploads\/2024\/10\/Alpenresorts_Ladis_Chalet_Laudegg_Innenaufnahmen_004.jpg 1000w, https:\/\/alpenresorts-ladis.at\/wp-content\/uploads\/2024\/10\/Alpenresorts_Ladis_Chalet_Laudegg_Innenaufnahmen_004-300x200.jpg 300w, https:\/\/alpenresorts-ladis.at\/wp-content\/uploads\/2024\/10\/Alpenresorts_Ladis_Chalet_Laudegg_Innenaufnahmen_004-768x512.jpg 768w\" sizes=\"(max-width: 1000px) 100vw, 1000px\" \/><\/div><div class=\"uael-grid-img-overlay\"><\/div><\/a><\/div><\/div><div class=\"uael-grid-item  uael-img-gallery-item-9\"><div class=\"uael-grid-item-content\"><a class=\"uael-grid-img uael-grid-gallery-img uael-ins-hover elementor-clickable\" data-fancybox=\"uael-gallery\" href=\"https:\/\/alpenresorts-ladis.at\/wp-content\/uploads\/2024\/10\/Alpenresorts_Ladis_Chalet_Laudegg_Innenaufnahmen_005.jpg\" data-elementor-open-lightbox=\"no\"><div class=\"uael-grid-img-thumbnail uael-ins-target\"><img loading=\"lazy\" decoding=\"async\" width=\"1000\" height=\"667\" src=\"https:\/\/alpenresorts-ladis.at\/wp-content\/uploads\/2024\/10\/Alpenresorts_Ladis_Chalet_Laudegg_Innenaufnahmen_005.jpg\" class=\"attachment-full size-full wp-image-10991\" alt=\"Ein modernes Wohnzimmer, das an das Chalet Laudegg in Ladis erinnert, verf\u00fcgt \u00fcber einen gro\u00dfen Flachbildfernseher, der an einer gemusterten Wand angebracht ist. Darunter steht ein h\u00f6lzerner Fernsehtisch und rechts davon ein Schrank mit Glaswaren und B\u00fcchern. Der Holzboden verst\u00e4rkt das rustikale, gem\u00fctliche Ambiente.\" srcset=\"https:\/\/alpenresorts-ladis.at\/wp-content\/uploads\/2024\/10\/Alpenresorts_Ladis_Chalet_Laudegg_Innenaufnahmen_005.jpg 1000w, https:\/\/alpenresorts-ladis.at\/wp-content\/uploads\/2024\/10\/Alpenresorts_Ladis_Chalet_Laudegg_Innenaufnahmen_005-300x200.jpg 300w, https:\/\/alpenresorts-ladis.at\/wp-content\/uploads\/2024\/10\/Alpenresorts_Ladis_Chalet_Laudegg_Innenaufnahmen_005-768x512.jpg 768w\" sizes=\"(max-width: 1000px) 100vw, 1000px\" \/><\/div><div class=\"uael-grid-img-overlay\"><\/div><\/a><\/div><\/div><div class=\"uael-grid-item  uael-img-gallery-item-10\"><div class=\"uael-grid-item-content\"><a class=\"uael-grid-img uael-grid-gallery-img uael-ins-hover elementor-clickable\" data-fancybox=\"uael-gallery\" href=\"https:\/\/alpenresorts-ladis.at\/wp-content\/uploads\/2024\/10\/Alpenresorts_Ladis_Chalet_Laudegg_Innenaufnahmen_006.jpg\" data-elementor-open-lightbox=\"no\"><div class=\"uael-grid-img-thumbnail uael-ins-target\"><img loading=\"lazy\" decoding=\"async\" width=\"1000\" height=\"667\" src=\"https:\/\/alpenresorts-ladis.at\/wp-content\/uploads\/2024\/10\/Alpenresorts_Ladis_Chalet_Laudegg_Innenaufnahmen_006.jpg\" class=\"attachment-full size-full wp-image-10993\" alt=\"Ein gem\u00fctliches Wohnzimmer im Chalet Laudegg in Ladis, geschm\u00fcckt mit Holzbalken und Holzboden, verf\u00fcgt \u00fcber einen wei\u00dfen Keramikkachelofen mit einer grau gepolsterten Bank. Auf der Bank liegen beige und graue Kissen. Eine Holztreppe f\u00fchrt in einen anderen Raum, w\u00e4hrend ein Bild die Wand schm\u00fcckt.\" srcset=\"https:\/\/alpenresorts-ladis.at\/wp-content\/uploads\/2024\/10\/Alpenresorts_Ladis_Chalet_Laudegg_Innenaufnahmen_006.jpg 1000w, https:\/\/alpenresorts-ladis.at\/wp-content\/uploads\/2024\/10\/Alpenresorts_Ladis_Chalet_Laudegg_Innenaufnahmen_006-300x200.jpg 300w, https:\/\/alpenresorts-ladis.at\/wp-content\/uploads\/2024\/10\/Alpenresorts_Ladis_Chalet_Laudegg_Innenaufnahmen_006-768x512.jpg 768w\" sizes=\"(max-width: 1000px) 100vw, 1000px\" \/><\/div><div class=\"uael-grid-img-overlay\"><\/div><\/a><\/div><\/div><div class=\"uael-grid-item  uael-img-gallery-item-11\"><div class=\"uael-grid-item-content\"><a class=\"uael-grid-img uael-grid-gallery-img uael-ins-hover elementor-clickable\" data-fancybox=\"uael-gallery\" href=\"https:\/\/alpenresorts-ladis.at\/wp-content\/uploads\/2024\/12\/Chalet-Laudegg-Alpenresorts-Ladis-Deluxe-44.jpg\" data-elementor-open-lightbox=\"no\"><div class=\"uael-grid-img-thumbnail uael-ins-target\"><img loading=\"lazy\" decoding=\"async\" width=\"1000\" height=\"667\" src=\"https:\/\/alpenresorts-ladis.at\/wp-content\/uploads\/2024\/12\/Chalet-Laudegg-Alpenresorts-Ladis-Deluxe-44.jpg\" class=\"attachment-full size-full wp-image-11171\" alt=\"Ein gem\u00fctlicher Raum, der an das Chalet Laudegg in Ladis erinnert, mit einem wei\u00dfen Kamin mit dunkelbraunem Kaminsims und Schornstein. In der N\u00e4he erg\u00e4nzt ein Holztisch den Raum, w\u00e4hrend ein Bild die Wand schm\u00fcckt. \u00dcber dem Kamin sitzt eine dekorative Vogelfigur, in deren N\u00e4he sich ein roter Feuerl\u00f6scher befindet.\" srcset=\"https:\/\/alpenresorts-ladis.at\/wp-content\/uploads\/2024\/12\/Chalet-Laudegg-Alpenresorts-Ladis-Deluxe-44.jpg 1000w, https:\/\/alpenresorts-ladis.at\/wp-content\/uploads\/2024\/12\/Chalet-Laudegg-Alpenresorts-Ladis-Deluxe-44-300x200.jpg 300w, https:\/\/alpenresorts-ladis.at\/wp-content\/uploads\/2024\/12\/Chalet-Laudegg-Alpenresorts-Ladis-Deluxe-44-768x512.jpg 768w\" sizes=\"(max-width: 1000px) 100vw, 1000px\" \/><\/div><div class=\"uael-grid-img-overlay\"><\/div><\/a><\/div><\/div><div class=\"uael-grid-item  uael-img-gallery-item-12\"><div class=\"uael-grid-item-content\"><a class=\"uael-grid-img uael-grid-gallery-img uael-ins-hover elementor-clickable\" data-fancybox=\"uael-gallery\" href=\"https:\/\/alpenresorts-ladis.at\/wp-content\/uploads\/2024\/10\/Alpenresorts_Ladis_Chalet_Laudegg_Innenaufnahmen_013.jpg\" data-elementor-open-lightbox=\"no\"><div class=\"uael-grid-img-thumbnail uael-ins-target\"><img loading=\"lazy\" decoding=\"async\" width=\"1000\" height=\"667\" src=\"https:\/\/alpenresorts-ladis.at\/wp-content\/uploads\/2024\/10\/Alpenresorts_Ladis_Chalet_Laudegg_Innenaufnahmen_013.jpg\" class=\"attachment-full size-full wp-image-10995\" alt=\"Moderne K\u00fcche mit rustikalem Touch erinnert an das Chalet Laudegg in Ladis, mit Holzschr\u00e4nken, schwarzen Arbeitsplatten und einer Dunstabzugshaube aus Metall im Vintage-Stil. Sie verf\u00fcgt \u00fcber einen eingebauten Herd, Ofen und Ger\u00e4te. Der Boden ist mit einem Terrakotta-Muster gefliest, erg\u00e4nzt durch Holzbalken an der Decke.\" srcset=\"https:\/\/alpenresorts-ladis.at\/wp-content\/uploads\/2024\/10\/Alpenresorts_Ladis_Chalet_Laudegg_Innenaufnahmen_013.jpg 1000w, https:\/\/alpenresorts-ladis.at\/wp-content\/uploads\/2024\/10\/Alpenresorts_Ladis_Chalet_Laudegg_Innenaufnahmen_013-300x200.jpg 300w, https:\/\/alpenresorts-ladis.at\/wp-content\/uploads\/2024\/10\/Alpenresorts_Ladis_Chalet_Laudegg_Innenaufnahmen_013-768x512.jpg 768w\" sizes=\"(max-width: 1000px) 100vw, 1000px\" \/><\/div><div class=\"uael-grid-img-overlay\"><\/div><\/a><\/div><\/div><div class=\"uael-grid-item  uael-img-gallery-item-13\"><div class=\"uael-grid-item-content\"><a class=\"uael-grid-img uael-grid-gallery-img uael-ins-hover elementor-clickable\" data-fancybox=\"uael-gallery\" href=\"https:\/\/alpenresorts-ladis.at\/wp-content\/uploads\/2024\/10\/Alpenresorts_Ladis_Chalet_Laudegg_Innenaufnahmen_015.jpg\" data-elementor-open-lightbox=\"no\"><div class=\"uael-grid-img-thumbnail uael-ins-target\"><img loading=\"lazy\" decoding=\"async\" width=\"1000\" height=\"667\" src=\"https:\/\/alpenresorts-ladis.at\/wp-content\/uploads\/2024\/10\/Alpenresorts_Ladis_Chalet_Laudegg_Innenaufnahmen_015.jpg\" class=\"attachment-full size-full wp-image-10997\" alt=\"Diese moderne K\u00fcche erinnert an das Chalet Laudegg in Ladis und besticht durch Holz- und Edelstahlelemente. Sie verf\u00fcgt \u00fcber einen Vintage-Herd, elegante Schr\u00e4nke und eine schwarze Arbeitsplatte. Eine Holzdecke und Terrakottafliesen zieren den Boden, w\u00e4hrend nat\u00fcrliches Licht durch das Fenster auf der rechten Seite str\u00f6mt.\" srcset=\"https:\/\/alpenresorts-ladis.at\/wp-content\/uploads\/2024\/10\/Alpenresorts_Ladis_Chalet_Laudegg_Innenaufnahmen_015.jpg 1000w, https:\/\/alpenresorts-ladis.at\/wp-content\/uploads\/2024\/10\/Alpenresorts_Ladis_Chalet_Laudegg_Innenaufnahmen_015-300x200.jpg 300w, https:\/\/alpenresorts-ladis.at\/wp-content\/uploads\/2024\/10\/Alpenresorts_Ladis_Chalet_Laudegg_Innenaufnahmen_015-768x512.jpg 768w\" sizes=\"(max-width: 1000px) 100vw, 1000px\" \/><\/div><div class=\"uael-grid-img-overlay\"><\/div><\/a><\/div><\/div><div class=\"uael-grid-item  uael-img-gallery-item-14\"><div class=\"uael-grid-item-content\"><a class=\"uael-grid-img uael-grid-gallery-img uael-ins-hover elementor-clickable\" data-fancybox=\"uael-gallery\" href=\"https:\/\/alpenresorts-ladis.at\/wp-content\/uploads\/2024\/12\/Chalet-Laudegg-Alpenresorts-Ladis-Deluxe-40.jpg\" data-elementor-open-lightbox=\"no\"><div class=\"uael-grid-img-thumbnail uael-ins-target\"><img loading=\"lazy\" decoding=\"async\" width=\"1000\" height=\"667\" src=\"https:\/\/alpenresorts-ladis.at\/wp-content\/uploads\/2024\/12\/Chalet-Laudegg-Alpenresorts-Ladis-Deluxe-40.jpg\" class=\"attachment-full size-full wp-image-11167\" alt=\"Gem\u00fctliche Caf\u00e9-Ecke aus Holz mit gepolsterten Sitzb\u00e4nken und einem hellbraunen Stuhl um einen kleinen Tisch. Dar\u00fcber h\u00e4ngen runde Lampen, die an das Chalet Laudegg in Ladis erinnern. Ein gro\u00dfes Fenster zeigt Wandkunst mit Skimotiven, w\u00e4hrend warme Naturt\u00f6ne eine einladende Atmosph\u00e4re schaffen.\" srcset=\"https:\/\/alpenresorts-ladis.at\/wp-content\/uploads\/2024\/12\/Chalet-Laudegg-Alpenresorts-Ladis-Deluxe-40.jpg 1000w, https:\/\/alpenresorts-ladis.at\/wp-content\/uploads\/2024\/12\/Chalet-Laudegg-Alpenresorts-Ladis-Deluxe-40-300x200.jpg 300w, https:\/\/alpenresorts-ladis.at\/wp-content\/uploads\/2024\/12\/Chalet-Laudegg-Alpenresorts-Ladis-Deluxe-40-768x512.jpg 768w\" sizes=\"(max-width: 1000px) 100vw, 1000px\" \/><\/div><div class=\"uael-grid-img-overlay\"><\/div><\/a><\/div><\/div><div class=\"uael-grid-item  uael-img-gallery-item-15\"><div class=\"uael-grid-item-content\"><a class=\"uael-grid-img uael-grid-gallery-img uael-ins-hover elementor-clickable\" data-fancybox=\"uael-gallery\" href=\"https:\/\/alpenresorts-ladis.at\/wp-content\/uploads\/2024\/10\/Alpenresorts_Ladis_Chalet_Laudegg_Innenaufnahmen_020.jpg\" data-elementor-open-lightbox=\"no\"><div class=\"uael-grid-img-thumbnail uael-ins-target\"><img loading=\"lazy\" decoding=\"async\" width=\"1000\" height=\"667\" src=\"https:\/\/alpenresorts-ladis.at\/wp-content\/uploads\/2024\/10\/Alpenresorts_Ladis_Chalet_Laudegg_Innenaufnahmen_020.jpg\" class=\"attachment-full size-full wp-image-10999\" alt=\"Eine Vintage-Kaffeem\u00fchle aus Holz mit Metallgriff steht auf einer gefliesten Oberfl\u00e4che und spiegelt den charmanten rustikalen Charme des Chalet Laudegg in Ladis wider. Die strukturierte Wand dahinter verst\u00e4rkt das warme, nostalgische Ambiente dieser gem\u00fctlichen Umgebung.\" srcset=\"https:\/\/alpenresorts-ladis.at\/wp-content\/uploads\/2024\/10\/Alpenresorts_Ladis_Chalet_Laudegg_Innenaufnahmen_020.jpg 1000w, https:\/\/alpenresorts-ladis.at\/wp-content\/uploads\/2024\/10\/Alpenresorts_Ladis_Chalet_Laudegg_Innenaufnahmen_020-300x200.jpg 300w, https:\/\/alpenresorts-ladis.at\/wp-content\/uploads\/2024\/10\/Alpenresorts_Ladis_Chalet_Laudegg_Innenaufnahmen_020-768x512.jpg 768w\" sizes=\"(max-width: 1000px) 100vw, 1000px\" \/><\/div><div class=\"uael-grid-img-overlay\"><\/div><\/a><\/div><\/div><div class=\"uael-grid-item  uael-img-gallery-item-16\"><div class=\"uael-grid-item-content\"><a class=\"uael-grid-img uael-grid-gallery-img uael-ins-hover elementor-clickable\" data-fancybox=\"uael-gallery\" href=\"https:\/\/alpenresorts-ladis.at\/wp-content\/uploads\/2024\/10\/Alpenresorts_Ladis_Chalet_Laudegg_Innenaufnahmen_025.jpg\" data-elementor-open-lightbox=\"no\"><div class=\"uael-grid-img-thumbnail uael-ins-target\"><img loading=\"lazy\" decoding=\"async\" width=\"1000\" height=\"667\" src=\"https:\/\/alpenresorts-ladis.at\/wp-content\/uploads\/2024\/10\/Alpenresorts_Ladis_Chalet_Laudegg_Innenaufnahmen_025.jpg\" class=\"attachment-full size-full wp-image-11001\" alt=\"Ein luxuri\u00f6ses Badezimmer im Chalet Laudegg in Ladis verf\u00fcgt \u00fcber eine wei\u00dfe rechteckige Badewanne mit goldenen Armaturen. Hinter der Wanne befindet sich eine kunstvolle Wand aus Gold und Spiegeln. Der gl\u00e4nzende schwarze Fliesenboden spiegelt wundersch\u00f6n ein Fenster mit buntem Buntglas und schafft so einen eleganten R\u00fcckzugsort.\" srcset=\"https:\/\/alpenresorts-ladis.at\/wp-content\/uploads\/2024\/10\/Alpenresorts_Ladis_Chalet_Laudegg_Innenaufnahmen_025.jpg 1000w, https:\/\/alpenresorts-ladis.at\/wp-content\/uploads\/2024\/10\/Alpenresorts_Ladis_Chalet_Laudegg_Innenaufnahmen_025-300x200.jpg 300w, https:\/\/alpenresorts-ladis.at\/wp-content\/uploads\/2024\/10\/Alpenresorts_Ladis_Chalet_Laudegg_Innenaufnahmen_025-768x512.jpg 768w\" sizes=\"(max-width: 1000px) 100vw, 1000px\" \/><\/div><div class=\"uael-grid-img-overlay\"><\/div><\/a><\/div><\/div><div class=\"uael-grid-item  uael-img-gallery-item-17\"><div class=\"uael-grid-item-content\"><a class=\"uael-grid-img uael-grid-gallery-img uael-ins-hover elementor-clickable\" data-fancybox=\"uael-gallery\" href=\"https:\/\/alpenresorts-ladis.at\/wp-content\/uploads\/2024\/12\/Chalet-Laudegg-Alpenresorts-Ladis-Deluxe-05.jpg\" data-elementor-open-lightbox=\"no\"><div class=\"uael-grid-img-thumbnail uael-ins-target\"><img loading=\"lazy\" decoding=\"async\" width=\"1000\" height=\"667\" src=\"https:\/\/alpenresorts-ladis.at\/wp-content\/uploads\/2024\/12\/Chalet-Laudegg-Alpenresorts-Ladis-Deluxe-05.jpg\" class=\"attachment-full size-full wp-image-11135\" alt=\"Das rustikale Holzinterieur des Chalet Laudegg in Ladis verf\u00fcgt \u00fcber eine Treppe mit geschnitztem Gel\u00e4nder. Ein gro\u00dfes Wandgem\u00e4lde mit einer Berglandschaft ziert die Wand, w\u00e4hrend ein moderner Kronleuchter mit mehreren Gl\u00fchbirnen von der Decke h\u00e4ngt. Ein Fenster bietet einen Blick auf die B\u00e4ume drau\u00dfen.\" srcset=\"https:\/\/alpenresorts-ladis.at\/wp-content\/uploads\/2024\/12\/Chalet-Laudegg-Alpenresorts-Ladis-Deluxe-05.jpg 1000w, https:\/\/alpenresorts-ladis.at\/wp-content\/uploads\/2024\/12\/Chalet-Laudegg-Alpenresorts-Ladis-Deluxe-05-300x200.jpg 300w, https:\/\/alpenresorts-ladis.at\/wp-content\/uploads\/2024\/12\/Chalet-Laudegg-Alpenresorts-Ladis-Deluxe-05-768x512.jpg 768w\" sizes=\"(max-width: 1000px) 100vw, 1000px\" \/><\/div><div class=\"uael-grid-img-overlay\"><\/div><\/a><\/div><\/div><div class=\"uael-grid-item  uael-img-gallery-item-18\"><div class=\"uael-grid-item-content\"><a class=\"uael-grid-img uael-grid-gallery-img uael-ins-hover elementor-clickable\" data-fancybox=\"uael-gallery\" href=\"https:\/\/alpenresorts-ladis.at\/wp-content\/uploads\/2024\/12\/Chalet-Laudegg-Alpenresorts-Ladis-Deluxe-33.jpg\" data-elementor-open-lightbox=\"no\"><div class=\"uael-grid-img-thumbnail uael-ins-target\"><img loading=\"lazy\" decoding=\"async\" width=\"667\" height=\"1000\" src=\"https:\/\/alpenresorts-ladis.at\/wp-content\/uploads\/2024\/12\/Chalet-Laudegg-Alpenresorts-Ladis-Deluxe-33.jpg\" class=\"attachment-full size-full wp-image-11161\" alt=\"Durch das Fenster entfaltet sich eine verschneite Landschaft, im Hintergrund ragen majest\u00e4tische Berge auf. Im Vordergrund steht ein charmantes Chalet Laudegg in Ladis mit einem auff\u00e4lligen roten, dreieckigen Dach. Mit Schnee best\u00e4ubte B\u00e4ume rahmen diese ruhige Szene unter einem bedeckten Himmel ein.\" srcset=\"https:\/\/alpenresorts-ladis.at\/wp-content\/uploads\/2024\/12\/Chalet-Laudegg-Alpenresorts-Ladis-Deluxe-33.jpg 667w, https:\/\/alpenresorts-ladis.at\/wp-content\/uploads\/2024\/12\/Chalet-Laudegg-Alpenresorts-Ladis-Deluxe-33-200x300.jpg 200w\" sizes=\"(max-width: 667px) 100vw, 667px\" \/><\/div><div class=\"uael-grid-img-overlay\"><\/div><\/a><\/div><\/div><div class=\"uael-grid-item  uael-img-gallery-item-19\"><div class=\"uael-grid-item-content\"><a class=\"uael-grid-img uael-grid-gallery-img uael-ins-hover elementor-clickable\" data-fancybox=\"uael-gallery\" href=\"https:\/\/alpenresorts-ladis.at\/wp-content\/uploads\/2024\/12\/Chalet-Laudegg-Alpenresorts-Ladis-Deluxe-06.jpg\" data-elementor-open-lightbox=\"no\"><div class=\"uael-grid-img-thumbnail uael-ins-target\"><img loading=\"lazy\" decoding=\"async\" width=\"1000\" height=\"667\" src=\"https:\/\/alpenresorts-ladis.at\/wp-content\/uploads\/2024\/12\/Chalet-Laudegg-Alpenresorts-Ladis-Deluxe-06.jpg\" class=\"attachment-full size-full wp-image-11139\" alt=\"Gem\u00fctliches Schlafzimmer im Chalet Laudegg, Ladis, mit Holzw\u00e4nden und -decke. Es verf\u00fcgt \u00fcber ein weiches, graues Polsterbett mit wei\u00dfen Laken und Kissen, w\u00e4hrend ein dekoratives Kissen den Text \u201eKleiner Bergzauber\u201c tr\u00e4gt. Eine freiliegende Ziegelwand verleiht dem Raum Charakter.\" srcset=\"https:\/\/alpenresorts-ladis.at\/wp-content\/uploads\/2024\/12\/Chalet-Laudegg-Alpenresorts-Ladis-Deluxe-06.jpg 1000w, https:\/\/alpenresorts-ladis.at\/wp-content\/uploads\/2024\/12\/Chalet-Laudegg-Alpenresorts-Ladis-Deluxe-06-300x200.jpg 300w, https:\/\/alpenresorts-ladis.at\/wp-content\/uploads\/2024\/12\/Chalet-Laudegg-Alpenresorts-Ladis-Deluxe-06-768x512.jpg 768w\" sizes=\"(max-width: 1000px) 100vw, 1000px\" \/><\/div><div class=\"uael-grid-img-overlay\"><\/div><\/a><\/div><\/div><div class=\"uael-grid-item  uael-img-gallery-item-20\"><div class=\"uael-grid-item-content\"><a class=\"uael-grid-img uael-grid-gallery-img uael-ins-hover elementor-clickable\" data-fancybox=\"uael-gallery\" href=\"https:\/\/alpenresorts-ladis.at\/wp-content\/uploads\/2024\/12\/Chalet-Laudegg-Alpenresorts-Ladis-Deluxe-09.jpg\" data-elementor-open-lightbox=\"no\"><div class=\"uael-grid-img-thumbnail uael-ins-target\"><img loading=\"lazy\" decoding=\"async\" width=\"1000\" height=\"667\" src=\"https:\/\/alpenresorts-ladis.at\/wp-content\/uploads\/2024\/12\/Chalet-Laudegg-Alpenresorts-Ladis-Deluxe-09.jpg\" class=\"attachment-full size-full wp-image-11143\" alt=\"Gem\u00fctliches Schlafzimmer im Chalet Laudegg mit gro\u00dfem Bett, Holzw\u00e4nden und -decke. Die wei\u00dfe Bettw\u00e4sche unterstreicht den rustikalen Charme, begleitet von einem runden Beistelltisch aus Holz. \u00dcber dem Bett h\u00e4ngt ein Vintage-Foto, das das warme Licht, das dieses Refugium in Ladis erhellt, perfekt erg\u00e4nzt.\" srcset=\"https:\/\/alpenresorts-ladis.at\/wp-content\/uploads\/2024\/12\/Chalet-Laudegg-Alpenresorts-Ladis-Deluxe-09.jpg 1000w, https:\/\/alpenresorts-ladis.at\/wp-content\/uploads\/2024\/12\/Chalet-Laudegg-Alpenresorts-Ladis-Deluxe-09-300x200.jpg 300w, https:\/\/alpenresorts-ladis.at\/wp-content\/uploads\/2024\/12\/Chalet-Laudegg-Alpenresorts-Ladis-Deluxe-09-768x512.jpg 768w\" sizes=\"(max-width: 1000px) 100vw, 1000px\" \/><\/div><div class=\"uael-grid-img-overlay\"><\/div><\/a><\/div><\/div><div class=\"uael-grid-item  uael-img-gallery-item-21\"><div class=\"uael-grid-item-content\"><a class=\"uael-grid-img uael-grid-gallery-img uael-ins-hover elementor-clickable\" data-fancybox=\"uael-gallery\" href=\"https:\/\/alpenresorts-ladis.at\/wp-content\/uploads\/2024\/12\/Chalet-Laudegg-Alpenresorts-Ladis-Deluxe-10.jpg\" data-elementor-open-lightbox=\"no\"><div class=\"uael-grid-img-thumbnail uael-ins-target\"><img loading=\"lazy\" decoding=\"async\" width=\"1000\" height=\"667\" src=\"https:\/\/alpenresorts-ladis.at\/wp-content\/uploads\/2024\/12\/Chalet-Laudegg-Alpenresorts-Ladis-Deluxe-10.jpg\" class=\"attachment-full size-full wp-image-11145\" alt=\"Gem\u00fctliches Holzschlafzimmer im Chalet Laudegg in Ladis mit Bett, Schreibtisch, Stuhl und an der Wand montiertem Fernseher. Die Holzw\u00e4nde und -b\u00f6den des Zimmers schaffen eine warme Atmosph\u00e4re. Ein Fenster mit Bergblick durchflutet den Raum mit nat\u00fcrlichem Licht und verst\u00e4rkt das einladende Ambiente.\" srcset=\"https:\/\/alpenresorts-ladis.at\/wp-content\/uploads\/2024\/12\/Chalet-Laudegg-Alpenresorts-Ladis-Deluxe-10.jpg 1000w, https:\/\/alpenresorts-ladis.at\/wp-content\/uploads\/2024\/12\/Chalet-Laudegg-Alpenresorts-Ladis-Deluxe-10-300x200.jpg 300w, https:\/\/alpenresorts-ladis.at\/wp-content\/uploads\/2024\/12\/Chalet-Laudegg-Alpenresorts-Ladis-Deluxe-10-768x512.jpg 768w\" sizes=\"(max-width: 1000px) 100vw, 1000px\" \/><\/div><div class=\"uael-grid-img-overlay\"><\/div><\/a><\/div><\/div><div class=\"uael-grid-item  uael-img-gallery-item-22\"><div class=\"uael-grid-item-content\"><a class=\"uael-grid-img uael-grid-gallery-img uael-ins-hover elementor-clickable\" data-fancybox=\"uael-gallery\" href=\"https:\/\/alpenresorts-ladis.at\/wp-content\/uploads\/2024\/12\/Chalet-Laudegg-Alpenresorts-Ladis-Deluxe-16.jpg\" data-elementor-open-lightbox=\"no\"><div class=\"uael-grid-img-thumbnail uael-ins-target\"><img loading=\"lazy\" decoding=\"async\" width=\"1000\" height=\"667\" src=\"https:\/\/alpenresorts-ladis.at\/wp-content\/uploads\/2024\/12\/Chalet-Laudegg-Alpenresorts-Ladis-Deluxe-16.jpg\" class=\"attachment-full size-full wp-image-11147\" alt=\"Ein gem\u00fctliches Schlafzimmer im Chalet Laudegg mit holzget\u00e4felten W\u00e4nden und Decken. Es verf\u00fcgt \u00fcber ein ordentlich gemachtes Einzelbett mit wei\u00dfer Bettw\u00e4sche, einen kleinen Holzschreibtisch und einen Stuhl. Sanftes Licht schafft eine warme Atmosph\u00e4re und an der Wand h\u00e4ngt ein gerahmtes Bild.\" srcset=\"https:\/\/alpenresorts-ladis.at\/wp-content\/uploads\/2024\/12\/Chalet-Laudegg-Alpenresorts-Ladis-Deluxe-16.jpg 1000w, https:\/\/alpenresorts-ladis.at\/wp-content\/uploads\/2024\/12\/Chalet-Laudegg-Alpenresorts-Ladis-Deluxe-16-300x200.jpg 300w, https:\/\/alpenresorts-ladis.at\/wp-content\/uploads\/2024\/12\/Chalet-Laudegg-Alpenresorts-Ladis-Deluxe-16-768x512.jpg 768w\" sizes=\"(max-width: 1000px) 100vw, 1000px\" \/><\/div><div class=\"uael-grid-img-overlay\"><\/div><\/a><\/div><\/div><div class=\"uael-grid-item  uael-img-gallery-item-23\"><div class=\"uael-grid-item-content\"><a class=\"uael-grid-img uael-grid-gallery-img uael-ins-hover elementor-clickable\" data-fancybox=\"uael-gallery\" href=\"https:\/\/alpenresorts-ladis.at\/wp-content\/uploads\/2024\/12\/Chalet-Laudegg-Alpenresorts-Ladis-Deluxe-23.jpg\" data-elementor-open-lightbox=\"no\"><div class=\"uael-grid-img-thumbnail uael-ins-target\"><img loading=\"lazy\" decoding=\"async\" width=\"1000\" height=\"667\" src=\"https:\/\/alpenresorts-ladis.at\/wp-content\/uploads\/2024\/12\/Chalet-Laudegg-Alpenresorts-Ladis-Deluxe-23.jpg\" class=\"attachment-full size-full wp-image-11155\" alt=\"Ein Badezimmer im Chalet Laudegg in Ladis verf\u00fcgt \u00fcber eine Holzablage und ein Waschbecken, erg\u00e4nzt durch gr\u00fcne Seifenspender und eine Holzt\u00fcr. Ein kleines Fenster bietet einen Blick auf die B\u00e4ume auf der rechten Seite. Der Boden ist dunkel gefliest, und neben der T\u00fcr h\u00e4ngt elegant ein Handtuch.\" srcset=\"https:\/\/alpenresorts-ladis.at\/wp-content\/uploads\/2024\/12\/Chalet-Laudegg-Alpenresorts-Ladis-Deluxe-23.jpg 1000w, https:\/\/alpenresorts-ladis.at\/wp-content\/uploads\/2024\/12\/Chalet-Laudegg-Alpenresorts-Ladis-Deluxe-23-300x200.jpg 300w, https:\/\/alpenresorts-ladis.at\/wp-content\/uploads\/2024\/12\/Chalet-Laudegg-Alpenresorts-Ladis-Deluxe-23-768x512.jpg 768w\" sizes=\"(max-width: 1000px) 100vw, 1000px\" \/><\/div><div class=\"uael-grid-img-overlay\"><\/div><\/a><\/div><\/div><div class=\"uael-grid-item  uael-img-gallery-item-24\"><div class=\"uael-grid-item-content\"><a class=\"uael-grid-img uael-grid-gallery-img uael-ins-hover elementor-clickable\" data-fancybox=\"uael-gallery\" href=\"https:\/\/alpenresorts-ladis.at\/wp-content\/uploads\/2024\/12\/Chalet-Laudegg-Alpenresorts-Ladis-Deluxe-24.jpg\" data-elementor-open-lightbox=\"no\"><div class=\"uael-grid-img-thumbnail uael-ins-target\"><img loading=\"lazy\" decoding=\"async\" width=\"1000\" height=\"667\" src=\"https:\/\/alpenresorts-ladis.at\/wp-content\/uploads\/2024\/12\/Chalet-Laudegg-Alpenresorts-Ladis-Deluxe-24.jpg\" class=\"attachment-full size-full wp-image-11157\" alt=\"Gem\u00fctliches Dachzimmer mit Holzw\u00e4nden und -decke im Chalet Laudegg in Ladis. Verf\u00fcgt \u00fcber eine Treppe mit dekorativem Gel\u00e4nder, einen modernen Kronleuchter, ein Sofa im Hirschdesign, ein wei\u00dfes Aufbewahrungsm\u00f6bel und einen grauen Fellteppich auf Hartholzboden. Nat\u00fcrliches Licht f\u00e4llt sanft durch das Fenster.\" srcset=\"https:\/\/alpenresorts-ladis.at\/wp-content\/uploads\/2024\/12\/Chalet-Laudegg-Alpenresorts-Ladis-Deluxe-24.jpg 1000w, https:\/\/alpenresorts-ladis.at\/wp-content\/uploads\/2024\/12\/Chalet-Laudegg-Alpenresorts-Ladis-Deluxe-24-300x200.jpg 300w, https:\/\/alpenresorts-ladis.at\/wp-content\/uploads\/2024\/12\/Chalet-Laudegg-Alpenresorts-Ladis-Deluxe-24-768x512.jpg 768w\" sizes=\"(max-width: 1000px) 100vw, 1000px\" \/><\/div><div class=\"uael-grid-img-overlay\"><\/div><\/a><\/div><\/div><div class=\"uael-grid-item  uael-img-gallery-item-25\"><div class=\"uael-grid-item-content\"><a class=\"uael-grid-img uael-grid-gallery-img uael-ins-hover elementor-clickable\" data-fancybox=\"uael-gallery\" href=\"https:\/\/alpenresorts-ladis.at\/wp-content\/uploads\/2024\/12\/Chalet-Laudegg-Alpenresorts-Ladis-Deluxe-31.jpg\" data-elementor-open-lightbox=\"no\"><div class=\"uael-grid-img-thumbnail uael-ins-target\"><img loading=\"lazy\" decoding=\"async\" width=\"667\" height=\"1000\" src=\"https:\/\/alpenresorts-ladis.at\/wp-content\/uploads\/2024\/12\/Chalet-Laudegg-Alpenresorts-Ladis-Deluxe-31.jpg\" class=\"attachment-full size-full wp-image-11159\" alt=\"Moderne Badezimmerdusche im Chalet Laudegg in Ladis mit gro\u00dfem runden Regenduschkopf und elegantem schwarzen Handbrausenkopf. Die Duschkabine verf\u00fcgt \u00fcber eine Glast\u00fcr mit W\u00e4nden in strukturiertem Grau und Wei\u00df. Eine eingelassene Deckenleuchte erhellt den stilvollen Raum auf wunderbare Weise.\" srcset=\"https:\/\/alpenresorts-ladis.at\/wp-content\/uploads\/2024\/12\/Chalet-Laudegg-Alpenresorts-Ladis-Deluxe-31.jpg 667w, https:\/\/alpenresorts-ladis.at\/wp-content\/uploads\/2024\/12\/Chalet-Laudegg-Alpenresorts-Ladis-Deluxe-31-200x300.jpg 200w\" sizes=\"(max-width: 667px) 100vw, 667px\" \/><\/div><div class=\"uael-grid-img-overlay\"><\/div><\/a><\/div><\/div><div class=\"uael-grid-item  uael-img-gallery-item-26\"><div class=\"uael-grid-item-content\"><a class=\"uael-grid-img uael-grid-gallery-img uael-ins-hover elementor-clickable\" data-fancybox=\"uael-gallery\" href=\"https:\/\/alpenresorts-ladis.at\/wp-content\/uploads\/2024\/12\/Chalet-Laudegg-Alpenresorts-Ladis-Deluxe-34.jpg\" data-elementor-open-lightbox=\"no\"><div class=\"uael-grid-img-thumbnail uael-ins-target\"><img loading=\"lazy\" decoding=\"async\" width=\"1000\" height=\"667\" src=\"https:\/\/alpenresorts-ladis.at\/wp-content\/uploads\/2024\/12\/Chalet-Laudegg-Alpenresorts-Ladis-Deluxe-34.jpg\" class=\"attachment-full size-full wp-image-11163\" alt=\"Gem\u00fctliches Schlafzimmer im Chalet Laudegg in Ladis mit einem weichen Bett mit wei\u00dfer Bettw\u00e4sche vor einer strukturierten grauen Wand. Holzdecke und -w\u00e4nde rahmen ein Fenster mit Blick auf den bew\u00f6lkten Himmel ein. Ein Regal und kleine Leselampen verst\u00e4rken die warme, einladende Atmosph\u00e4re.\" srcset=\"https:\/\/alpenresorts-ladis.at\/wp-content\/uploads\/2024\/12\/Chalet-Laudegg-Alpenresorts-Ladis-Deluxe-34.jpg 1000w, https:\/\/alpenresorts-ladis.at\/wp-content\/uploads\/2024\/12\/Chalet-Laudegg-Alpenresorts-Ladis-Deluxe-34-300x200.jpg 300w, https:\/\/alpenresorts-ladis.at\/wp-content\/uploads\/2024\/12\/Chalet-Laudegg-Alpenresorts-Ladis-Deluxe-34-768x512.jpg 768w\" sizes=\"(max-width: 1000px) 100vw, 1000px\" \/><\/div><div class=\"uael-grid-img-overlay\"><\/div><\/a><\/div><\/div><div class=\"uael-grid-item  uael-img-gallery-item-27\"><div class=\"uael-grid-item-content\"><a class=\"uael-grid-img uael-grid-gallery-img uael-ins-hover elementor-clickable\" data-fancybox=\"uael-gallery\" href=\"https:\/\/alpenresorts-ladis.at\/wp-content\/uploads\/2024\/12\/Chalet-Laudegg-Alpenresorts-Ladis-Deluxe-36.jpg\" data-elementor-open-lightbox=\"no\"><div class=\"uael-grid-img-thumbnail uael-ins-target\"><img loading=\"lazy\" decoding=\"async\" width=\"1000\" height=\"667\" src=\"https:\/\/alpenresorts-ladis.at\/wp-content\/uploads\/2024\/12\/Chalet-Laudegg-Alpenresorts-Ladis-Deluxe-36.jpg\" class=\"attachment-full size-full wp-image-11165\" alt=\"Dieses gem\u00fctliche Holzschlafzimmer im Chalet Laudegg in Ladis verf\u00fcgt \u00fcber ein gro\u00dfes Bett, flauschige Kissen und eine gefaltete wei\u00dfe Bettdecke. An der Wand ist ein Flachbildfernseher angebracht, w\u00e4hrend zwei gro\u00dfe Fenster mit Vorh\u00e4ngen nat\u00fcrliches Licht hereinlassen.\" srcset=\"https:\/\/alpenresorts-ladis.at\/wp-content\/uploads\/2024\/12\/Chalet-Laudegg-Alpenresorts-Ladis-Deluxe-36.jpg 1000w, https:\/\/alpenresorts-ladis.at\/wp-content\/uploads\/2024\/12\/Chalet-Laudegg-Alpenresorts-Ladis-Deluxe-36-300x200.jpg 300w, https:\/\/alpenresorts-ladis.at\/wp-content\/uploads\/2024\/12\/Chalet-Laudegg-Alpenresorts-Ladis-Deluxe-36-768x512.jpg 768w\" sizes=\"(max-width: 1000px) 100vw, 1000px\" \/><\/div><div class=\"uael-grid-img-overlay\"><\/div><\/a><\/div><\/div><div class=\"uael-grid-item  uael-img-gallery-item-28\"><div class=\"uael-grid-item-content\"><a class=\"uael-grid-img uael-grid-gallery-img uael-ins-hover elementor-clickable\" data-fancybox=\"uael-gallery\" href=\"https:\/\/alpenresorts-ladis.at\/wp-content\/uploads\/2024\/12\/Chalet-Laudegg-Alpenresorts-Ladis-Deluxe-42.jpg\" data-elementor-open-lightbox=\"no\"><div class=\"uael-grid-img-thumbnail uael-ins-target\"><img loading=\"lazy\" decoding=\"async\" width=\"1000\" height=\"667\" src=\"https:\/\/alpenresorts-ladis.at\/wp-content\/uploads\/2024\/12\/Chalet-Laudegg-Alpenresorts-Ladis-Deluxe-42.jpg\" class=\"attachment-full size-full wp-image-11169\" alt=\"Das gem\u00fctliche Innere der Holzh\u00fctte im Chalet Laudegg in Ladis verf\u00fcgt \u00fcber ein Fenster, einen Tisch und eine Bank. Die mit Hirschk\u00f6pfen und Geweihen geschm\u00fcckten W\u00e4nde sind von nat\u00fcrlichem Licht durchflutet und akzentuieren die rustikalen Holzm\u00f6bel und den Fliesenboden.\" srcset=\"https:\/\/alpenresorts-ladis.at\/wp-content\/uploads\/2024\/12\/Chalet-Laudegg-Alpenresorts-Ladis-Deluxe-42.jpg 1000w, https:\/\/alpenresorts-ladis.at\/wp-content\/uploads\/2024\/12\/Chalet-Laudegg-Alpenresorts-Ladis-Deluxe-42-300x200.jpg 300w, https:\/\/alpenresorts-ladis.at\/wp-content\/uploads\/2024\/12\/Chalet-Laudegg-Alpenresorts-Ladis-Deluxe-42-768x512.jpg 768w\" sizes=\"(max-width: 1000px) 100vw, 1000px\" \/><\/div><div class=\"uael-grid-img-overlay\"><\/div><\/a><\/div><\/div><div class=\"uael-grid-item  uael-img-gallery-item-29\"><div class=\"uael-grid-item-content\"><a class=\"uael-grid-img uael-grid-gallery-img uael-ins-hover elementor-clickable\" data-fancybox=\"uael-gallery\" href=\"https:\/\/alpenresorts-ladis.at\/wp-content\/uploads\/2024\/12\/Chalet-Laudegg-Alpenresorts-Ladis-Deluxe-48.jpg\" data-elementor-open-lightbox=\"no\"><div class=\"uael-grid-img-thumbnail uael-ins-target\"><img loading=\"lazy\" decoding=\"async\" width=\"1000\" height=\"667\" src=\"https:\/\/alpenresorts-ladis.at\/wp-content\/uploads\/2024\/12\/Chalet-Laudegg-Alpenresorts-Ladis-Deluxe-48.jpg\" class=\"attachment-full size-full wp-image-11173\" alt=\"Moderner elektrischer Kamin mit einem eleganten schwarzen Rahmen vor einer strukturierten grauen Wand, die an das Chalet Laudegg in Ladis erinnert. Die simulierten Flammen gl\u00fchen warm auf k\u00fcnstlichen Holzscheiten und erg\u00e4nzen den Holzboden des gem\u00fctlichen Zimmers und das sanfte Licht, das durch das Fenster str\u00f6mt.\" srcset=\"https:\/\/alpenresorts-ladis.at\/wp-content\/uploads\/2024\/12\/Chalet-Laudegg-Alpenresorts-Ladis-Deluxe-48.jpg 1000w, https:\/\/alpenresorts-ladis.at\/wp-content\/uploads\/2024\/12\/Chalet-Laudegg-Alpenresorts-Ladis-Deluxe-48-300x200.jpg 300w, https:\/\/alpenresorts-ladis.at\/wp-content\/uploads\/2024\/12\/Chalet-Laudegg-Alpenresorts-Ladis-Deluxe-48-768x512.jpg 768w\" sizes=\"(max-width: 1000px) 100vw, 1000px\" \/><\/div><div class=\"uael-grid-img-overlay\"><\/div><\/a><\/div><\/div><\/div><\/div>\t\t\t\t<\/div>\n\t\t\t\t<\/div>\n\t\t\t\t\t<\/div>\n\t\t\t\t<\/div>\n\t\t\t\t<\/div>\n\t\t","protected":false},"excerpt":{"rendered":"<p>The perfect vacation home for the whole family. Take time for yourselves, enjoy wonderful days, and make lasting memories. Our Chalet Laudegg offers space for up to 12 people and features fantastic extras, such as the unique hunter\u2019s lounge, a Finnish sauna, and a crackling tiled stove.<\/p>\n","protected":false},"author":6,"featured_media":11827,"comment_status":"closed","ping_status":"closed","sticky":false,"template":"","format":"standard","meta":{"_acf_changed":false,"footnotes":""},"categories":[58,60,61],"tags":[],"class_list":["post-7780","post","type-post","status-publish","format-standard","has-post-thumbnail","hentry","category-apartments-en","category-apartments-laudegg","category-chalet-en"],"yoast_head":"<!-- This site is optimized with the Yoast SEO Premium plugin v22.3 (Yoast SEO v27.5) - https:\/\/yoast.com\/product\/yoast-seo-premium-wordpress\/ -->\n<title>Experience the comfort of Chalet Laudegg in Ladis<\/title>\n<meta name=\"description\" content=\"Chalet Laudegg in Ladis: Book now! Enjoy the spacious entrance area, 3 bedrooms with box spring beds, etc.\" \/>\n<meta name=\"robots\" content=\"index, follow, max-snippet:-1, max-image-preview:large, max-video-preview:-1\" \/>\n<link rel=\"canonical\" href=\"https:\/\/alpenresorts-ladis.at\/alpenresort-chalet-laudegg\/\" \/>\n<meta property=\"og:locale\" content=\"en_US\" \/>\n<meta property=\"og:type\" content=\"article\" \/>\n<meta property=\"og:title\" content=\"Laudegg\" \/>\n<meta property=\"og:description\" content=\"Chalet Laudegg in Ladis: Book now! Enjoy the spacious entrance area, 3 bedrooms with box spring beds, etc.\" \/>\n<meta property=\"og:url\" content=\"https:\/\/alpenresorts-ladis.at\/alpenresort-chalet-laudegg\/\" \/>\n<meta property=\"og:site_name\" content=\"Alpenresorts Ladis\" \/>\n<meta property=\"article:published_time\" content=\"2023-11-29T16:59:39+00:00\" \/>\n<meta property=\"article:modified_time\" content=\"2026-03-30T08:56:04+00:00\" \/>\n<meta property=\"og:image\" content=\"https:\/\/alpenresorts-ladis.at\/wp-content\/uploads\/2023\/11\/Alpenresorts-Ladis-Chalet_Laudeg_web.jpg\" \/>\n\t<meta property=\"og:image:width\" content=\"1500\" \/>\n\t<meta property=\"og:image:height\" content=\"1500\" \/>\n\t<meta property=\"og:image:type\" content=\"image\/jpeg\" \/>\n<meta name=\"author\" content=\"admin\" \/>\n<meta name=\"twitter:card\" content=\"summary_large_image\" \/>\n<meta name=\"twitter:label1\" content=\"Written by\" \/>\n\t<meta name=\"twitter:data1\" content=\"admin\" \/>\n\t<meta name=\"twitter:label2\" content=\"Est. reading time\" \/>\n\t<meta name=\"twitter:data2\" content=\"1 minute\" \/>\n<script type=\"application\/ld+json\" class=\"yoast-schema-graph\">{\"@context\":\"https:\\\/\\\/schema.org\",\"@graph\":[{\"@type\":\"Article\",\"@id\":\"https:\\\/\\\/alpenresorts-ladis.at\\\/alpenresort-chalet-laudegg\\\/#article\",\"isPartOf\":{\"@id\":\"https:\\\/\\\/alpenresorts-ladis.at\\\/alpenresort-chalet-laudegg\\\/\"},\"author\":{\"name\":\"admin\",\"@id\":\"https:\\\/\\\/alpenresorts-ladis.at\\\/#\\\/schema\\\/person\\\/e69c77c36de4263ba5faf0885ebc7970\"},\"headline\":\"Laudegg\",\"datePublished\":\"2023-11-29T16:59:39+00:00\",\"dateModified\":\"2026-03-30T08:56:04+00:00\",\"mainEntityOfPage\":{\"@id\":\"https:\\\/\\\/alpenresorts-ladis.at\\\/alpenresort-chalet-laudegg\\\/\"},\"wordCount\":170,\"publisher\":{\"@id\":\"https:\\\/\\\/alpenresorts-ladis.at\\\/#organization\"},\"image\":{\"@id\":\"https:\\\/\\\/alpenresorts-ladis.at\\\/alpenresort-chalet-laudegg\\\/#primaryimage\"},\"thumbnailUrl\":\"https:\\\/\\\/alpenresorts-ladis.at\\\/wp-content\\\/uploads\\\/2023\\\/11\\\/Alpenresorts-Ladis-Chalet_Laudeg_web.jpg\",\"articleSection\":[\"Apartments\",\"Apartments Laudegg\",\"Chalet\"],\"inLanguage\":\"en-US\"},{\"@type\":\"WebPage\",\"@id\":\"https:\\\/\\\/alpenresorts-ladis.at\\\/alpenresort-chalet-laudegg\\\/\",\"url\":\"https:\\\/\\\/alpenresorts-ladis.at\\\/alpenresort-chalet-laudegg\\\/\",\"name\":\"Experience the comfort of Chalet Laudegg in Ladis\",\"isPartOf\":{\"@id\":\"https:\\\/\\\/alpenresorts-ladis.at\\\/#website\"},\"primaryImageOfPage\":{\"@id\":\"https:\\\/\\\/alpenresorts-ladis.at\\\/alpenresort-chalet-laudegg\\\/#primaryimage\"},\"image\":{\"@id\":\"https:\\\/\\\/alpenresorts-ladis.at\\\/alpenresort-chalet-laudegg\\\/#primaryimage\"},\"thumbnailUrl\":\"https:\\\/\\\/alpenresorts-ladis.at\\\/wp-content\\\/uploads\\\/2023\\\/11\\\/Alpenresorts-Ladis-Chalet_Laudeg_web.jpg\",\"datePublished\":\"2023-11-29T16:59:39+00:00\",\"dateModified\":\"2026-03-30T08:56:04+00:00\",\"description\":\"Chalet Laudegg in Ladis: Book now! Enjoy the spacious entrance area, 3 bedrooms with box spring beds, etc.\",\"breadcrumb\":{\"@id\":\"https:\\\/\\\/alpenresorts-ladis.at\\\/alpenresort-chalet-laudegg\\\/#breadcrumb\"},\"inLanguage\":\"en-US\",\"potentialAction\":[{\"@type\":\"ReadAction\",\"target\":[\"https:\\\/\\\/alpenresorts-ladis.at\\\/alpenresort-chalet-laudegg\\\/\"]}]},{\"@type\":\"ImageObject\",\"inLanguage\":\"en-US\",\"@id\":\"https:\\\/\\\/alpenresorts-ladis.at\\\/alpenresort-chalet-laudegg\\\/#primaryimage\",\"url\":\"https:\\\/\\\/alpenresorts-ladis.at\\\/wp-content\\\/uploads\\\/2023\\\/11\\\/Alpenresorts-Ladis-Chalet_Laudeg_web.jpg\",\"contentUrl\":\"https:\\\/\\\/alpenresorts-ladis.at\\\/wp-content\\\/uploads\\\/2023\\\/11\\\/Alpenresorts-Ladis-Chalet_Laudeg_web.jpg\",\"width\":1500,\"height\":1500,\"caption\":\"Chalet Laudegg in Ladis is a traditional retreat boasting wooden balconies and white walls. It features intricate carvings, vibrant flower boxes, and a circular stone patio with a star design, all enfolded by stone walls and lush greenery.\"},{\"@type\":\"BreadcrumbList\",\"@id\":\"https:\\\/\\\/alpenresorts-ladis.at\\\/alpenresort-chalet-laudegg\\\/#breadcrumb\",\"itemListElement\":[{\"@type\":\"ListItem\",\"position\":1,\"name\":\"Startseite\",\"item\":\"https:\\\/\\\/alpenresorts-ladis.at\\\/\"},{\"@type\":\"ListItem\",\"position\":2,\"name\":\"Laudegg\"}]},{\"@type\":\"WebSite\",\"@id\":\"https:\\\/\\\/alpenresorts-ladis.at\\\/#website\",\"url\":\"https:\\\/\\\/alpenresorts-ladis.at\\\/\",\"name\":\"Alpenresorts Ladis\",\"description\":\"Deine Unterk\u00fcnfte in Ladis\",\"publisher\":{\"@id\":\"https:\\\/\\\/alpenresorts-ladis.at\\\/#organization\"},\"potentialAction\":[{\"@type\":\"SearchAction\",\"target\":{\"@type\":\"EntryPoint\",\"urlTemplate\":\"https:\\\/\\\/alpenresorts-ladis.at\\\/?s={search_term_string}\"},\"query-input\":{\"@type\":\"PropertyValueSpecification\",\"valueRequired\":true,\"valueName\":\"search_term_string\"}}],\"inLanguage\":\"en-US\"},{\"@type\":\"Organization\",\"@id\":\"https:\\\/\\\/alpenresorts-ladis.at\\\/#organization\",\"name\":\"Alpenresorts Ladis\",\"url\":\"https:\\\/\\\/alpenresorts-ladis.at\\\/\",\"logo\":{\"@type\":\"ImageObject\",\"inLanguage\":\"en-US\",\"@id\":\"https:\\\/\\\/alpenresorts-ladis.at\\\/#\\\/schema\\\/logo\\\/image\\\/\",\"url\":\"https:\\\/\\\/alpenresorts-ladis.at\\\/wp-content\\\/uploads\\\/2023\\\/08\\\/Logos_Alpenresorts-Ladis_2023_RGB.png\",\"contentUrl\":\"https:\\\/\\\/alpenresorts-ladis.at\\\/wp-content\\\/uploads\\\/2023\\\/08\\\/Logos_Alpenresorts-Ladis_2023_RGB.png\",\"width\":400,\"height\":400,\"caption\":\"Alpenresorts Ladis\"},\"image\":{\"@id\":\"https:\\\/\\\/alpenresorts-ladis.at\\\/#\\\/schema\\\/logo\\\/image\\\/\"}},{\"@type\":\"Person\",\"@id\":\"https:\\\/\\\/alpenresorts-ladis.at\\\/#\\\/schema\\\/person\\\/e69c77c36de4263ba5faf0885ebc7970\",\"name\":\"admin\",\"sameAs\":[\"https:\\\/\\\/alpenresorts-ladis.at\"],\"url\":\"https:\\\/\\\/alpenresorts-ladis.at\\\/en\\\/author\\\/info_6ooqnjab\\\/\"}]}<\/script>\n<!-- \/ Yoast SEO Premium plugin. -->","yoast_head_json":{"title":"Experience the comfort of Chalet Laudegg in Ladis","description":"Chalet Laudegg in Ladis: Book now! Enjoy the spacious entrance area, 3 bedrooms with box spring beds, etc.","robots":{"index":"index","follow":"follow","max-snippet":"max-snippet:-1","max-image-preview":"max-image-preview:large","max-video-preview":"max-video-preview:-1"},"canonical":"https:\/\/alpenresorts-ladis.at\/alpenresort-chalet-laudegg\/","og_locale":"en_US","og_type":"article","og_title":"Laudegg","og_description":"Chalet Laudegg in Ladis: Book now! Enjoy the spacious entrance area, 3 bedrooms with box spring beds, etc.","og_url":"https:\/\/alpenresorts-ladis.at\/alpenresort-chalet-laudegg\/","og_site_name":"Alpenresorts Ladis","article_published_time":"2023-11-29T16:59:39+00:00","article_modified_time":"2026-03-30T08:56:04+00:00","og_image":[{"width":1500,"height":1500,"url":"https:\/\/alpenresorts-ladis.at\/wp-content\/uploads\/2023\/11\/Alpenresorts-Ladis-Chalet_Laudeg_web.jpg","type":"image\/jpeg"}],"author":"admin","twitter_card":"summary_large_image","twitter_misc":{"Written by":"admin","Est. reading time":"1 minute"},"schema":{"@context":"https:\/\/schema.org","@graph":[{"@type":"Article","@id":"https:\/\/alpenresorts-ladis.at\/alpenresort-chalet-laudegg\/#article","isPartOf":{"@id":"https:\/\/alpenresorts-ladis.at\/alpenresort-chalet-laudegg\/"},"author":{"name":"admin","@id":"https:\/\/alpenresorts-ladis.at\/#\/schema\/person\/e69c77c36de4263ba5faf0885ebc7970"},"headline":"Laudegg","datePublished":"2023-11-29T16:59:39+00:00","dateModified":"2026-03-30T08:56:04+00:00","mainEntityOfPage":{"@id":"https:\/\/alpenresorts-ladis.at\/alpenresort-chalet-laudegg\/"},"wordCount":170,"publisher":{"@id":"https:\/\/alpenresorts-ladis.at\/#organization"},"image":{"@id":"https:\/\/alpenresorts-ladis.at\/alpenresort-chalet-laudegg\/#primaryimage"},"thumbnailUrl":"https:\/\/alpenresorts-ladis.at\/wp-content\/uploads\/2023\/11\/Alpenresorts-Ladis-Chalet_Laudeg_web.jpg","articleSection":["Apartments","Apartments Laudegg","Chalet"],"inLanguage":"en-US"},{"@type":"WebPage","@id":"https:\/\/alpenresorts-ladis.at\/alpenresort-chalet-laudegg\/","url":"https:\/\/alpenresorts-ladis.at\/alpenresort-chalet-laudegg\/","name":"Experience the comfort of Chalet Laudegg in Ladis","isPartOf":{"@id":"https:\/\/alpenresorts-ladis.at\/#website"},"primaryImageOfPage":{"@id":"https:\/\/alpenresorts-ladis.at\/alpenresort-chalet-laudegg\/#primaryimage"},"image":{"@id":"https:\/\/alpenresorts-ladis.at\/alpenresort-chalet-laudegg\/#primaryimage"},"thumbnailUrl":"https:\/\/alpenresorts-ladis.at\/wp-content\/uploads\/2023\/11\/Alpenresorts-Ladis-Chalet_Laudeg_web.jpg","datePublished":"2023-11-29T16:59:39+00:00","dateModified":"2026-03-30T08:56:04+00:00","description":"Chalet Laudegg in Ladis: Book now! Enjoy the spacious entrance area, 3 bedrooms with box spring beds, etc.","breadcrumb":{"@id":"https:\/\/alpenresorts-ladis.at\/alpenresort-chalet-laudegg\/#breadcrumb"},"inLanguage":"en-US","potentialAction":[{"@type":"ReadAction","target":["https:\/\/alpenresorts-ladis.at\/alpenresort-chalet-laudegg\/"]}]},{"@type":"ImageObject","inLanguage":"en-US","@id":"https:\/\/alpenresorts-ladis.at\/alpenresort-chalet-laudegg\/#primaryimage","url":"https:\/\/alpenresorts-ladis.at\/wp-content\/uploads\/2023\/11\/Alpenresorts-Ladis-Chalet_Laudeg_web.jpg","contentUrl":"https:\/\/alpenresorts-ladis.at\/wp-content\/uploads\/2023\/11\/Alpenresorts-Ladis-Chalet_Laudeg_web.jpg","width":1500,"height":1500,"caption":"Chalet Laudegg in Ladis is a traditional retreat boasting wooden balconies and white walls. It features intricate carvings, vibrant flower boxes, and a circular stone patio with a star design, all enfolded by stone walls and lush greenery."},{"@type":"BreadcrumbList","@id":"https:\/\/alpenresorts-ladis.at\/alpenresort-chalet-laudegg\/#breadcrumb","itemListElement":[{"@type":"ListItem","position":1,"name":"Startseite","item":"https:\/\/alpenresorts-ladis.at\/"},{"@type":"ListItem","position":2,"name":"Laudegg"}]},{"@type":"WebSite","@id":"https:\/\/alpenresorts-ladis.at\/#website","url":"https:\/\/alpenresorts-ladis.at\/","name":"Alpenresorts Ladis","description":"Deine Unterk\u00fcnfte in Ladis","publisher":{"@id":"https:\/\/alpenresorts-ladis.at\/#organization"},"potentialAction":[{"@type":"SearchAction","target":{"@type":"EntryPoint","urlTemplate":"https:\/\/alpenresorts-ladis.at\/?s={search_term_string}"},"query-input":{"@type":"PropertyValueSpecification","valueRequired":true,"valueName":"search_term_string"}}],"inLanguage":"en-US"},{"@type":"Organization","@id":"https:\/\/alpenresorts-ladis.at\/#organization","name":"Alpenresorts Ladis","url":"https:\/\/alpenresorts-ladis.at\/","logo":{"@type":"ImageObject","inLanguage":"en-US","@id":"https:\/\/alpenresorts-ladis.at\/#\/schema\/logo\/image\/","url":"https:\/\/alpenresorts-ladis.at\/wp-content\/uploads\/2023\/08\/Logos_Alpenresorts-Ladis_2023_RGB.png","contentUrl":"https:\/\/alpenresorts-ladis.at\/wp-content\/uploads\/2023\/08\/Logos_Alpenresorts-Ladis_2023_RGB.png","width":400,"height":400,"caption":"Alpenresorts Ladis"},"image":{"@id":"https:\/\/alpenresorts-ladis.at\/#\/schema\/logo\/image\/"}},{"@type":"Person","@id":"https:\/\/alpenresorts-ladis.at\/#\/schema\/person\/e69c77c36de4263ba5faf0885ebc7970","name":"admin","sameAs":["https:\/\/alpenresorts-ladis.at"],"url":"https:\/\/alpenresorts-ladis.at\/en\/author\/info_6ooqnjab\/"}]}},"acf":[],"_links":{"self":[{"href":"https:\/\/alpenresorts-ladis.at\/en\/wp-json\/wp\/v2\/posts\/7780","targetHints":{"allow":["GET"]}}],"collection":[{"href":"https:\/\/alpenresorts-ladis.at\/en\/wp-json\/wp\/v2\/posts"}],"about":[{"href":"https:\/\/alpenresorts-ladis.at\/en\/wp-json\/wp\/v2\/types\/post"}],"author":[{"embeddable":true,"href":"https:\/\/alpenresorts-ladis.at\/en\/wp-json\/wp\/v2\/users\/6"}],"replies":[{"embeddable":true,"href":"https:\/\/alpenresorts-ladis.at\/en\/wp-json\/wp\/v2\/comments?post=7780"}],"version-history":[{"count":29,"href":"https:\/\/alpenresorts-ladis.at\/en\/wp-json\/wp\/v2\/posts\/7780\/revisions"}],"predecessor-version":[{"id":13525,"href":"https:\/\/alpenresorts-ladis.at\/en\/wp-json\/wp\/v2\/posts\/7780\/revisions\/13525"}],"wp:featuredmedia":[{"embeddable":true,"href":"https:\/\/alpenresorts-ladis.at\/en\/wp-json\/wp\/v2\/media\/11827"}],"wp:attachment":[{"href":"https:\/\/alpenresorts-ladis.at\/en\/wp-json\/wp\/v2\/media?parent=7780"}],"wp:term":[{"taxonomy":"category","embeddable":true,"href":"https:\/\/alpenresorts-ladis.at\/en\/wp-json\/wp\/v2\/categories?post=7780"},{"taxonomy":"post_tag","embeddable":true,"href":"https:\/\/alpenresorts-ladis.at\/en\/wp-json\/wp\/v2\/tags?post=7780"}],"curies":[{"name":"wp","href":"https:\/\/api.w.org\/{rel}","templated":true}]}}