{"id":7809,"date":"2023-11-29T16:19:26","date_gmt":"2023-11-29T16:19:26","guid":{"rendered":"https:\/\/alpenresorts-ladis.at\/apartment-5\/"},"modified":"2025-12-12T11:51:51","modified_gmt":"2025-12-12T11:51:51","slug":"apartment-5","status":"publish","type":"post","link":"https:\/\/alpenresorts-ladis.at\/en\/apartment-5\/","title":{"rendered":"Apartment 5"},"content":{"rendered":"\t\t<div data-elementor-type=\"wp-post\" data-elementor-id=\"7809\" class=\"elementor elementor-7809 elementor-1386\" data-elementor-post-type=\"post\">\n\t\t\t\t<div class=\"elementor-element elementor-element-7bfc02d e-flex e-con-boxed e-con e-parent\" data-id=\"7bfc02d\" data-element_type=\"container\" data-e-type=\"container\" data-settings=\"{&quot;background_background&quot;:&quot;classic&quot;}\">\n\t\t\t\t\t<div class=\"e-con-inner\">\n\t\t<div class=\"elementor-element elementor-element-70e331f e-con-full e-flex e-con e-child\" data-id=\"70e331f\" data-element_type=\"container\" data-e-type=\"container\">\n\t\t\t\t<div class=\"elementor-element elementor-element-e51ed19 elementor-widget elementor-widget-image\" data-id=\"e51ed19\" data-element_type=\"widget\" data-e-type=\"widget\" data-widget_type=\"image.default\">\n\t\t\t\t<div class=\"elementor-widget-container\">\n\t\t\t\t\t\t\t\t\t\t\t\t\t\t\t<img fetchpriority=\"high\" decoding=\"async\" width=\"600\" height=\"400\" src=\"https:\/\/alpenresorts-ladis.at\/wp-content\/uploads\/2023\/11\/Alpenresorts-Ladis-Alpenapart-Alexander-Apart-5-1.png\" class=\"attachment-full size-full wp-image-7411\" alt=\"A 3D floor plan showing an apartment layout with a bedroom, bathroom, and an open living, dining, and kitchen area. Theres a balcony with seating. The living area and bedroom have wood floors; the bathroom has tile.\" srcset=\"https:\/\/alpenresorts-ladis.at\/wp-content\/uploads\/2023\/11\/Alpenresorts-Ladis-Alpenapart-Alexander-Apart-5-1.png 600w, https:\/\/alpenresorts-ladis.at\/wp-content\/uploads\/2023\/11\/Alpenresorts-Ladis-Alpenapart-Alexander-Apart-5-1-300x200.png 300w\" sizes=\"(max-width: 600px) 100vw, 600px\" \/>\t\t\t\t\t\t\t\t\t\t\t\t\t\t\t<\/div>\n\t\t\t\t<\/div>\n\t\t\t\t<div class=\"elementor-element elementor-element-e3a5f76 uael-button-halign-center uael-button-stack-none elementor-widget elementor-widget-uael-buttons\" data-id=\"e3a5f76\" data-element_type=\"widget\" data-e-type=\"widget\" data-widget_type=\"uael-buttons.default\">\n\t\t\t\t<div class=\"elementor-widget-container\">\n\t\t\t\t\t\t\t<div class=\"uael-dual-button-outer-wrap\">\n\t\t\t<div class=\"uael-dual-button-wrap\">\n\t\t\t\t\t\t\t\t<div class=\"uael-button-wrapper uael-dual-button elementor-widget-button elementor-repeater-item-93ffe9e uael-dual-button-0\">\n\t\t\t\t\t<a class=\"elementor-button-link elementor-button elementor-size-sm elementor-button-link\" href=\"https:\/\/booking-alpenapart.alpenresorts-ladis.at\/?scrollToRoom=APART_5&#038;activeBookingEngine=KBE&#038;propertyCode=S005586&#038;skd-checkin=2024-02-03&#038;skd-checkout=2024-02-10&#038;skd-property-code=S005586&#038;skd-language-code=en\" target=\"_blank\">\n\t\t\t\t\t\t\t\t<span class=\"elementor-button-content-wrapper uael-buttons-icon-\">\n\t\t\t\t\t\t\t\t\t\t\t\t<span class=\"elementor-align-icon- elementor-button-icon\">\n\t\t\t\t\t\t\t\t\t\t\t<\/span>\n\t\t\t\t\t\t\t\t\t\t<span class=\"elementor-button-text elementor-inline-editing\" data-elementor-setting-key=\"buttons.0.text\" data-elementor-inline-editing-toolbar=\"none\">Book<\/span>\n\t\t<\/span>\n\t\t\t\t\t\t\t<\/a>\n\t\t\t\t<\/div>\n\t\t\t\t\t\t\t\t<div class=\"uael-button-wrapper uael-dual-button elementor-widget-button elementor-repeater-item-25dbfaa uael-dual-button-1\">\n\t\t\t\t\t<a class=\"elementor-button-link elementor-button elementor-size-sm elementor-button-link\" href=\"https:\/\/alpenresorts-ladis.at\/en\/resorts\/alpine-apartment\/send-request-about-the-alpine-apartment\/?casaroomtype=12\" target=\"_blank\">\n\t\t\t\t\t\t\t\t<span class=\"elementor-button-content-wrapper uael-buttons-icon- elementor-button-content-wrapper uael-buttons-icon-\">\n\t\t\t\t\t\t\t\t\t\t\t\t<span class=\"elementor-align-icon- elementor-button-icon\">\n\t\t\t\t\t\t\t\t\t\t\t<\/span>\n\t\t\t\t\t\t\t\t\t\t<span class=\"elementor-button-text elementor-inline-editing\" data-elementor-setting-key=\"buttons.1.text\" data-elementor-inline-editing-toolbar=\"none\">Send request<\/span>\n\t\t<\/span>\n\t\t\t\t\t\t\t<\/a>\n\t\t\t\t<\/div>\n\t\t\t\t\t\t\t<\/div>\n\t\t<\/div>\n\t\t\t\t\t\t<\/div>\n\t\t\t\t<\/div>\n\t\t\t\t<\/div>\n\t\t<div class=\"elementor-element elementor-element-d417e42 e-con-full e-flex e-con e-child\" data-id=\"d417e42\" data-element_type=\"container\" data-e-type=\"container\">\n\t\t\t\t<div class=\"elementor-element elementor-element-17d863f elementor-widget elementor-widget-heading\" data-id=\"17d863f\" data-element_type=\"widget\" data-e-type=\"widget\" data-widget_type=\"heading.default\">\n\t\t\t\t<div class=\"elementor-widget-container\">\n\t\t\t\t\t<h2 class=\"elementor-heading-title elementor-size-default\">Amenities<\/h2>\t\t\t\t<\/div>\n\t\t\t\t<\/div>\n\t\t\t\t<div class=\"elementor-element elementor-element-b151ebe elementor-icon-list--layout-traditional elementor-list-item-link-full_width elementor-widget elementor-widget-icon-list\" data-id=\"b151ebe\" data-element_type=\"widget\" data-e-type=\"widget\" data-widget_type=\"icon-list.default\">\n\t\t\t\t<div class=\"elementor-widget-container\">\n\t\t\t\t\t\t\t<ul class=\"elementor-icon-list-items\">\n\t\t\t\t\t\t\t<li class=\"elementor-icon-list-item\">\n\t\t\t\t\t\t\t\t\t\t\t<span class=\"elementor-icon-list-icon\">\n\t\t\t\t\t\t\t<i aria-hidden=\"true\" class=\"icon iconelement-24\"><\/i>\t\t\t\t\t\t<\/span>\n\t\t\t\t\t\t\t\t\t\t<span class=\"elementor-icon-list-text\">One bedroom with comfortable double beds<\/span>\n\t\t\t\t\t\t\t\t\t<\/li>\n\t\t\t\t\t\t\t\t<li class=\"elementor-icon-list-item\">\n\t\t\t\t\t\t\t\t\t\t\t<span class=\"elementor-icon-list-icon\">\n\t\t\t\t\t\t\t<i aria-hidden=\"true\" class=\"icon iconelement-24\"><\/i>\t\t\t\t\t\t<\/span>\n\t\t\t\t\t\t\t\t\t\t<span class=\"elementor-icon-list-text\">Spacious living room with sofa and dining area<\/span>\n\t\t\t\t\t\t\t\t\t<\/li>\n\t\t\t\t\t\t\t\t<li class=\"elementor-icon-list-item\">\n\t\t\t\t\t\t\t\t\t\t\t<span class=\"elementor-icon-list-icon\">\n\t\t\t\t\t\t\t<i aria-hidden=\"true\" class=\"icon iconelement-24\"><\/i>\t\t\t\t\t\t<\/span>\n\t\t\t\t\t\t\t\t\t\t<span class=\"elementor-icon-list-text\">Bathroom with shower, toilet, cosmetic mirror, hairdryer and Physiotherm infrared cabin <\/span>\n\t\t\t\t\t\t\t\t\t<\/li>\n\t\t\t\t\t\t\t\t<li class=\"elementor-icon-list-item\">\n\t\t\t\t\t\t\t\t\t\t\t<span class=\"elementor-icon-list-icon\">\n\t\t\t\t\t\t\t<i aria-hidden=\"true\" class=\"icon iconelement-24\"><\/i>\t\t\t\t\t\t<\/span>\n\t\t\t\t\t\t\t\t\t\t<span class=\"elementor-icon-list-text\">Separate toilet<\/span>\n\t\t\t\t\t\t\t\t\t<\/li>\n\t\t\t\t\t\t\t\t<li class=\"elementor-icon-list-item\">\n\t\t\t\t\t\t\t\t\t\t\t<span class=\"elementor-icon-list-icon\">\n\t\t\t\t\t\t\t<i aria-hidden=\"true\" class=\"icon iconelement-24\"><\/i>\t\t\t\t\t\t<\/span>\n\t\t\t\t\t\t\t\t\t\t<span class=\"elementor-icon-list-text\">Balcony with seating area<\/span>\n\t\t\t\t\t\t\t\t\t<\/li>\n\t\t\t\t\t\t\t\t<li class=\"elementor-icon-list-item\">\n\t\t\t\t\t\t\t\t\t\t\t<span class=\"elementor-icon-list-icon\">\n\t\t\t\t\t\t\t<i aria-hidden=\"true\" class=\"icon iconelement-24\"><\/i>\t\t\t\t\t\t<\/span>\n\t\t\t\t\t\t\t\t\t\t<span class=\"elementor-icon-list-text\">Terrace with seating area<\/span>\n\t\t\t\t\t\t\t\t\t<\/li>\n\t\t\t\t\t\t\t\t<li class=\"elementor-icon-list-item\">\n\t\t\t\t\t\t\t\t\t\t\t<span class=\"elementor-icon-list-icon\">\n\t\t\t\t\t\t\t<i aria-hidden=\"true\" class=\"icon iconelement-24\"><\/i>\t\t\t\t\t\t<\/span>\n\t\t\t\t\t\t\t\t\t\t<span class=\"elementor-icon-list-text\">Fully equipped kitchen with ceramic stovetop, oven, dishwasher, fridge with freezer, microwave, kettle, SodaStream, toaster, filter coffee maker, and Nespresso single-serve coffee maker<\/span>\n\t\t\t\t\t\t\t\t\t<\/li>\n\t\t\t\t\t\t\t\t<li class=\"elementor-icon-list-item\">\n\t\t\t\t\t\t\t\t\t\t\t<span class=\"elementor-icon-list-icon\">\n\t\t\t\t\t\t\t<i aria-hidden=\"true\" class=\"icon iconelement-24\"><\/i>\t\t\t\t\t\t<\/span>\n\t\t\t\t\t\t\t\t\t\t<span class=\"elementor-icon-list-text\">as well as sufficient eating and cooking utensils<\/span>\n\t\t\t\t\t\t\t\t\t<\/li>\n\t\t\t\t\t\t\t\t<li class=\"elementor-icon-list-item\">\n\t\t\t\t\t\t\t\t\t\t\t<span class=\"elementor-icon-list-icon\">\n\t\t\t\t\t\t\t<i aria-hidden=\"true\" class=\"icon iconelement-24\"><\/i>\t\t\t\t\t\t<\/span>\n\t\t\t\t\t\t\t\t\t\t<span class=\"elementor-icon-list-text\">Smart TV with Cable TV in living room and bedroom<\/span>\n\t\t\t\t\t\t\t\t\t<\/li>\n\t\t\t\t\t\t\t\t<li class=\"elementor-icon-list-item\">\n\t\t\t\t\t\t\t\t\t\t\t<span class=\"elementor-icon-list-icon\">\n\t\t\t\t\t\t\t<i aria-hidden=\"true\" class=\"icon iconelement-24\"><\/i>\t\t\t\t\t\t<\/span>\n\t\t\t\t\t\t\t\t\t\t<span class=\"elementor-icon-list-text\">High-speed internet<\/span>\n\t\t\t\t\t\t\t\t\t<\/li>\n\t\t\t\t\t\t\t\t<li class=\"elementor-icon-list-item\">\n\t\t\t\t\t\t\t\t\t\t\t<span class=\"elementor-icon-list-icon\">\n\t\t\t\t\t\t\t<i aria-hidden=\"true\" class=\"icon iconelement-24\"><\/i>\t\t\t\t\t\t<\/span>\n\t\t\t\t\t\t\t\t\t\t<span class=\"elementor-icon-list-text\">Safe<\/span>\n\t\t\t\t\t\t\t\t\t<\/li>\n\t\t\t\t\t\t\t\t<li class=\"elementor-icon-list-item\">\n\t\t\t\t\t\t\t\t\t\t\t<span class=\"elementor-icon-list-icon\">\n\t\t\t\t\t\t\t<i aria-hidden=\"true\" class=\"icon iconelement-24\"><\/i>\t\t\t\t\t\t<\/span>\n\t\t\t\t\t\t\t\t\t\t<span class=\"elementor-icon-list-text\">Bed linens and towels<\/span>\n\t\t\t\t\t\t\t\t\t<\/li>\n\t\t\t\t\t\t\t\t<li class=\"elementor-icon-list-item\">\n\t\t\t\t\t\t\t\t\t\t\t<span class=\"elementor-icon-list-icon\">\n\t\t\t\t\t\t\t<i aria-hidden=\"true\" class=\"icon iconelement-24\"><\/i>\t\t\t\t\t\t<\/span>\n\t\t\t\t\t\t\t\t\t\t<span class=\"elementor-icon-list-text\">plus: Dish detergent, tabs, parchment paper, garbage bags, and kitchen towels<\/span>\n\t\t\t\t\t\t\t\t\t<\/li>\n\t\t\t\t\t\t\t\t<li class=\"elementor-icon-list-item\">\n\t\t\t\t\t\t\t\t\t\t\t<span class=\"elementor-icon-list-icon\">\n\t\t\t\t\t\t\t<i aria-hidden=\"true\" class=\"icon iconelement-24\"><\/i>\t\t\t\t\t\t<\/span>\n\t\t\t\t\t\t\t\t\t\t<span class=\"elementor-icon-list-text\">QR code for the guest app<\/span>\n\t\t\t\t\t\t\t\t\t<\/li>\n\t\t\t\t\t\t<\/ul>\n\t\t\t\t\t\t<\/div>\n\t\t\t\t<\/div>\n\t\t\t\t<\/div>\n\t\t\t\t\t<\/div>\n\t\t\t\t<\/div>\n\t\t<div class=\"elementor-element elementor-element-ee01c2d e-con-full e-flex e-con e-parent\" data-id=\"ee01c2d\" data-element_type=\"container\" data-e-type=\"container\">\n\t\t\t\t<div class=\"elementor-element elementor-element-9cf6a19 elementor-widget elementor-widget-html\" data-id=\"9cf6a19\" data-element_type=\"widget\" data-e-type=\"widget\" data-widget_type=\"html.default\">\n\t\t\t\t<div class=\"elementor-widget-container\">\n\t\t\t\t\t<div id=\"__MTS\" data-mts-language=\"en\" data-mts-user=\"u1336\" data-mts-roomcode=\"APART_5\" data-mts-domainid=\"69255497948dc50004b9a8d2\" data-mts-view=\"room-detail-priceCalculator\" data-mts-version=\"4\"><\/div>\t\t\t\t<\/div>\n\t\t\t\t<\/div>\n\t\t\t\t<div class=\"elementor-element elementor-element-4569f63 elementor-widget elementor-widget-html\" data-id=\"4569f63\" data-element_type=\"widget\" data-e-type=\"widget\" data-widget_type=\"html.default\">\n\t\t\t\t<div class=\"elementor-widget-container\">\n\t\t\t\t\t<button class=\"shbt-alpenapart\" onclick=\"myFunction()\">Booking information<\/button>\r\n\r\n\r\n<script>\r\n    function myFunction(){\r\n        var element = document.getElementById(\"sechide\");\r\n        element.classList.toggle(\"secshow\");\r\n    }\r\n<\/script>\t\t\t\t<\/div>\n\t\t\t\t<\/div>\n\t\t\t\t<\/div>\n\t\t<div class=\"elementor-element elementor-element-45f163f e-flex e-con-boxed e-con e-parent\" data-id=\"45f163f\" data-element_type=\"container\" data-e-type=\"container\" id=\"sechide\">\n\t\t\t\t\t<div class=\"e-con-inner\">\n\t\t\t\t<div class=\"elementor-element elementor-element-3a0f30c alpenapart-info elementor-widget elementor-widget-template\" data-id=\"3a0f30c\" data-element_type=\"widget\" data-e-type=\"widget\" data-widget_type=\"template.default\">\n\t\t\t\t<div class=\"elementor-widget-container\">\n\t\t\t\t\t\t\t<div class=\"elementor-template\">\n\t\t\t\t\t<div data-elementor-type=\"container\" data-elementor-id=\"7851\" class=\"elementor elementor-7851 elementor-815 elementor-815\" data-elementor-post-type=\"elementor_library\">\n\t\t\t\t<div class=\"elementor-element elementor-element-186425da e-con-full e-flex e-con e-parent\" data-id=\"186425da\" data-element_type=\"container\" data-e-type=\"container\">\n\t\t\t\t<div class=\"elementor-element elementor-element-188e4361 elementor-widget elementor-widget-n-accordion\" data-id=\"188e4361\" data-element_type=\"widget\" data-e-type=\"widget\" data-settings=\"{&quot;default_state&quot;:&quot;all_collapsed&quot;,&quot;max_items_expended&quot;:&quot;one&quot;,&quot;n_accordion_animation_duration&quot;:{&quot;unit&quot;:&quot;ms&quot;,&quot;size&quot;:400,&quot;sizes&quot;:[]}}\" data-widget_type=\"nested-accordion.default\">\n\t\t\t\t<div class=\"elementor-widget-container\">\n\t\t\t\t\t\t\t<div class=\"e-n-accordion\" aria-label=\"Accordion. Open links with Enter or Space, close with Escape, and navigate with Arrow Keys\">\n\t\t\t\t\t\t<details id=\"e-n-accordion-item-4110\" class=\"e-n-accordion-item\" >\n\t\t\t\t<summary class=\"e-n-accordion-item-title\" data-accordion-index=\"1\" tabindex=\"0\" aria-expanded=\"false\" aria-controls=\"e-n-accordion-item-4110\" >\n\t\t\t\t\t<span class='e-n-accordion-item-title-header'><div class=\"e-n-accordion-item-title-text\"> Check-in &amp; check-out  <\/div><\/span>\n\t\t\t\t\t\t\t<span class='e-n-accordion-item-title-icon'>\n\t\t\t<span class='e-opened' ><i aria-hidden=\"true\" class=\"pfeile pfeileelement-25\"><\/i><\/span>\n\t\t\t<span class='e-closed'><i aria-hidden=\"true\" class=\"pfeile pfeileelement-26\"><\/i><\/span>\n\t\t<\/span>\n\n\t\t\t\t\t\t<\/summary>\n\t\t\t\t<div role=\"region\" aria-labelledby=\"e-n-accordion-item-4110\" class=\"elementor-element elementor-element-47af8360 e-con-full e-flex e-con e-child\" data-id=\"47af8360\" data-element_type=\"container\" data-e-type=\"container\">\n\t\t<div role=\"region\" aria-labelledby=\"e-n-accordion-item-4110\" class=\"elementor-element elementor-element-7a845e0c e-con-full e-flex e-con e-child\" data-id=\"7a845e0c\" data-element_type=\"container\" data-e-type=\"container\">\n\t\t\t\t<div class=\"elementor-element elementor-element-61ea4640 elementor-widget elementor-widget-text-editor\" data-id=\"61ea4640\" data-element_type=\"widget\" data-e-type=\"widget\" data-widget_type=\"text-editor.default\">\n\t\t\t\t<div class=\"elementor-widget-container\">\n\t\t\t\t\t\t\t\t\t<p><strong>When can we check in on the arrival day and when do we have to check out on the departure day?<\/strong><\/p>\n<p>Check-in: from <strong>4 PM<\/strong><\/p>\n<p>If you plan on arriving after 6 PM, we ask you to let us know by telephone.<\/p>\n<p>Check-out: no later than <strong>10 AM<\/strong><\/p>\n\t\t\t\t\t\t\t\t<\/div>\n\t\t\t\t<\/div>\n\t\t\t\t<\/div>\n\t\t\t\t<\/div>\n\t\t\t\t\t<\/details>\n\t\t\t\t\t\t<details id=\"e-n-accordion-item-4111\" class=\"e-n-accordion-item\" >\n\t\t\t\t<summary class=\"e-n-accordion-item-title\" data-accordion-index=\"2\" tabindex=\"-1\" aria-expanded=\"false\" aria-controls=\"e-n-accordion-item-4111\" >\n\t\t\t\t\t<span class='e-n-accordion-item-title-header'><div class=\"e-n-accordion-item-title-text\"> Deposit  <\/div><\/span>\n\t\t\t\t\t\t\t<span class='e-n-accordion-item-title-icon'>\n\t\t\t<span class='e-opened' ><i aria-hidden=\"true\" class=\"pfeile pfeileelement-25\"><\/i><\/span>\n\t\t\t<span class='e-closed'><i aria-hidden=\"true\" class=\"pfeile pfeileelement-26\"><\/i><\/span>\n\t\t<\/span>\n\n\t\t\t\t\t\t<\/summary>\n\t\t\t\t<div role=\"region\" aria-labelledby=\"e-n-accordion-item-4111\" class=\"elementor-element elementor-element-279dec9b e-con-full e-flex e-con e-child\" data-id=\"279dec9b\" data-element_type=\"container\" data-e-type=\"container\">\n\t\t<div role=\"region\" aria-labelledby=\"e-n-accordion-item-4111\" class=\"elementor-element elementor-element-6f2dde46 e-con-full e-flex e-con e-child\" data-id=\"6f2dde46\" data-element_type=\"container\" data-e-type=\"container\">\n\t\t\t\t<div class=\"elementor-element elementor-element-3977c290 elementor-widget elementor-widget-text-editor\" data-id=\"3977c290\" data-element_type=\"widget\" data-e-type=\"widget\" data-widget_type=\"text-editor.default\">\n\t\t\t\t<div class=\"elementor-widget-container\">\n\t\t\t\t\t\t\t\t\t<p data-start=\"51\" data-end=\"69\"><strong data-start=\"51\" data-end=\"69\">Payment Terms:<\/strong><\/p>\n<ul data-start=\"71\" data-end=\"374\">\n<li data-start=\"71\" data-end=\"271\">\n<p data-start=\"73\" data-end=\"271\"><strong data-start=\"73\" data-end=\"94\">Flexible Booking:<\/strong><br data-start=\"94\" data-end=\"97\" \/>For a flexible booking, a deposit of 40% of the total amount is due immediately. The remaining balance must be paid by bank transfer no later than two weeks before arrival.<\/p>\n<\/li>\n<li data-start=\"273\" data-end=\"374\">\n<p data-start=\"275\" data-end=\"374\"><strong data-start=\"275\" data-end=\"293\">Fixed Booking:<\/strong><br data-start=\"293\" data-end=\"296\" \/>For a fixed booking, the full amount (100%) is due immediately upon booking.<\/p>\n<\/li>\n<\/ul>\n\t\t\t\t\t\t\t\t<\/div>\n\t\t\t\t<\/div>\n\t\t\t\t<\/div>\n\t\t\t\t<\/div>\n\t\t\t\t\t<\/details>\n\t\t\t\t\t\t<details id=\"e-n-accordion-item-4112\" class=\"e-n-accordion-item\" >\n\t\t\t\t<summary class=\"e-n-accordion-item-title\" data-accordion-index=\"3\" tabindex=\"-1\" aria-expanded=\"false\" aria-controls=\"e-n-accordion-item-4112\" >\n\t\t\t\t\t<span class='e-n-accordion-item-title-header'><div class=\"e-n-accordion-item-title-text\"> Payment on site <\/div><\/span>\n\t\t\t\t\t\t\t<span class='e-n-accordion-item-title-icon'>\n\t\t\t<span class='e-opened' ><i aria-hidden=\"true\" class=\"pfeile pfeileelement-25\"><\/i><\/span>\n\t\t\t<span class='e-closed'><i aria-hidden=\"true\" class=\"pfeile pfeileelement-26\"><\/i><\/span>\n\t\t<\/span>\n\n\t\t\t\t\t\t<\/summary>\n\t\t\t\t<div role=\"region\" aria-labelledby=\"e-n-accordion-item-4112\" class=\"elementor-element elementor-element-26ecb290 e-con-full e-flex e-con e-child\" data-id=\"26ecb290\" data-element_type=\"container\" data-e-type=\"container\">\n\t\t<div role=\"region\" aria-labelledby=\"e-n-accordion-item-4112\" class=\"elementor-element elementor-element-150bb0f9 e-con-full e-flex e-con e-child\" data-id=\"150bb0f9\" data-element_type=\"container\" data-e-type=\"container\">\n\t\t\t\t<div class=\"elementor-element elementor-element-359b0753 elementor-widget elementor-widget-text-editor\" data-id=\"359b0753\" data-element_type=\"widget\" data-e-type=\"widget\" data-widget_type=\"text-editor.default\">\n\t\t\t\t<div class=\"elementor-widget-container\">\n\t\t\t\t\t\t\t\t\t<p><strong>How can we pay on site?<\/strong><\/p>\n<p>You have the option of paying your hotel bill at home by bank transfer or on site by cash.<\/p>\n\t\t\t\t\t\t\t\t<\/div>\n\t\t\t\t<\/div>\n\t\t\t\t<\/div>\n\t\t\t\t<\/div>\n\t\t\t\t\t<\/details>\n\t\t\t\t\t\t<details id=\"e-n-accordion-item-4113\" class=\"e-n-accordion-item\" >\n\t\t\t\t<summary class=\"e-n-accordion-item-title\" data-accordion-index=\"4\" tabindex=\"-1\" aria-expanded=\"false\" aria-controls=\"e-n-accordion-item-4113\" >\n\t\t\t\t\t<span class='e-n-accordion-item-title-header'><div class=\"e-n-accordion-item-title-text\"> Bread service  <\/div><\/span>\n\t\t\t\t\t\t\t<span class='e-n-accordion-item-title-icon'>\n\t\t\t<span class='e-opened' ><i aria-hidden=\"true\" class=\"pfeile pfeileelement-25\"><\/i><\/span>\n\t\t\t<span class='e-closed'><i aria-hidden=\"true\" class=\"pfeile pfeileelement-26\"><\/i><\/span>\n\t\t<\/span>\n\n\t\t\t\t\t\t<\/summary>\n\t\t\t\t<div role=\"region\" aria-labelledby=\"e-n-accordion-item-4113\" class=\"elementor-element elementor-element-14a5fcce e-con-full e-flex e-con e-child\" data-id=\"14a5fcce\" data-element_type=\"container\" data-e-type=\"container\">\n\t\t<div role=\"region\" aria-labelledby=\"e-n-accordion-item-4113\" class=\"elementor-element elementor-element-1f6ad1ee e-con-full e-flex e-con e-child\" data-id=\"1f6ad1ee\" data-element_type=\"container\" data-e-type=\"container\">\n\t\t\t\t<div class=\"elementor-element elementor-element-721ffad9 elementor-widget elementor-widget-text-editor\" data-id=\"721ffad9\" data-element_type=\"widget\" data-e-type=\"widget\" data-widget_type=\"text-editor.default\">\n\t\t\t\t<div class=\"elementor-widget-container\">\n\t\t\t\t\t\t\t\t\t<p data-start=\"151\" data-end=\"578\"><strong data-start=\"151\" data-end=\"200\">Is there a daily bread roll delivery service?<\/strong><br data-start=\"200\" data-end=\"203\" \/>Absolutely! To help you start your day right, we offer a convenient <strong data-start=\"271\" data-end=\"308\">daily bread roll delivery service<\/strong>.<br data-start=\"309\" data-end=\"312\" \/>Simply choose from around <strong data-start=\"338\" data-end=\"379\">60 different types of bread and rolls<\/strong> by <strong data-start=\"383\" data-end=\"412\">12:00 noon the day before<\/strong> and place your order easily via our <strong data-start=\"449\" data-end=\"462\">guest app<\/strong>.<br data-start=\"463\" data-end=\"466\" \/>The next morning, your fresh rolls will be waiting for you in a bread bag <strong data-start=\"540\" data-end=\"577\">right outside your apartment door<\/strong>.<\/p>\n\t\t\t\t\t\t\t\t<\/div>\n\t\t\t\t<\/div>\n\t\t\t\t<div class=\"elementor-element elementor-element-9d105dc uael-button-halign-left uael-button-stack-none elementor-widget elementor-widget-uael-buttons\" data-id=\"9d105dc\" data-element_type=\"widget\" data-e-type=\"widget\" data-widget_type=\"uael-buttons.default\">\n\t\t\t\t<div class=\"elementor-widget-container\">\n\t\t\t\t\t\t\t<div class=\"uael-dual-button-outer-wrap\">\n\t\t\t<div class=\"uael-dual-button-wrap\">\n\t\t\t\t\t\t\t\t<div class=\"uael-button-wrapper uael-dual-button elementor-widget-button elementor-repeater-item-a5c6ea9 uael-dual-button-0\">\n\t\t\t\t\t<a class=\"elementor-button-link elementor-button elementor-size-sm elementor-button-link\" href=\"https:\/\/alpenresorts-ladis.at\/wp-content\/uploads\/2024\/02\/brotsortiment_web.pdf\" target=\"_blank\">\n\t\t\t\t\t\t\t\t<span class=\"elementor-button-content-wrapper uael-buttons-icon-\">\n\t\t\t\t\t\t\t\t\t\t\t\t<span class=\"elementor-align-icon- elementor-button-icon\">\n\t\t\t\t\t\t\t\t\t\t\t<\/span>\n\t\t\t\t\t\t\t\t\t\t<span class=\"elementor-button-text elementor-inline-editing\" data-elementor-setting-key=\"buttons.0.text\" data-elementor-inline-editing-toolbar=\"none\">Bread assortment<\/span>\n\t\t<\/span>\n\t\t\t\t\t\t\t<\/a>\n\t\t\t\t<\/div>\n\t\t\t\t\t\t\t\t<div class=\"uael-button-wrapper uael-dual-button elementor-widget-button elementor-repeater-item-9d1468f uael-dual-button-1\">\n\t\t\t\t\t<a class=\"elementor-button-link elementor-button elementor-size-sm elementor-button-link\" href=\"https:\/\/alpenresorts-ladis.at\/wp-content\/uploads\/2024\/02\/ALLERGEN_INFORMATIONEN_WEBSITE.pdf\" target=\"_blank\">\n\t\t\t\t\t\t\t\t<span class=\"elementor-button-content-wrapper uael-buttons-icon- elementor-button-content-wrapper uael-buttons-icon-\">\n\t\t\t\t\t\t\t\t\t\t\t\t<span class=\"elementor-align-icon- elementor-button-icon\">\n\t\t\t\t\t\t\t\t\t\t\t<\/span>\n\t\t\t\t\t\t\t\t\t\t<span class=\"elementor-button-text elementor-inline-editing\" data-elementor-setting-key=\"buttons.1.text\" data-elementor-inline-editing-toolbar=\"none\">Allergens<\/span>\n\t\t<\/span>\n\t\t\t\t\t\t\t<\/a>\n\t\t\t\t<\/div>\n\t\t\t\t\t\t\t<\/div>\n\t\t<\/div>\n\t\t\t\t\t\t<\/div>\n\t\t\t\t<\/div>\n\t\t\t\t<\/div>\n\t\t\t\t<\/div>\n\t\t\t\t\t<\/details>\n\t\t\t\t\t\t<details id=\"e-n-accordion-item-4114\" class=\"e-n-accordion-item\" >\n\t\t\t\t<summary class=\"e-n-accordion-item-title\" data-accordion-index=\"5\" tabindex=\"-1\" aria-expanded=\"false\" aria-controls=\"e-n-accordion-item-4114\" >\n\t\t\t\t\t<span class='e-n-accordion-item-title-header'><div class=\"e-n-accordion-item-title-text\"> Dogs on vacation  <\/div><\/span>\n\t\t\t\t\t\t\t<span class='e-n-accordion-item-title-icon'>\n\t\t\t<span class='e-opened' ><i aria-hidden=\"true\" class=\"pfeile pfeileelement-25\"><\/i><\/span>\n\t\t\t<span class='e-closed'><i aria-hidden=\"true\" class=\"pfeile pfeileelement-26\"><\/i><\/span>\n\t\t<\/span>\n\n\t\t\t\t\t\t<\/summary>\n\t\t\t\t<div role=\"region\" aria-labelledby=\"e-n-accordion-item-4114\" class=\"elementor-element elementor-element-6931333e e-con-full e-flex e-con e-child\" data-id=\"6931333e\" data-element_type=\"container\" data-e-type=\"container\">\n\t\t<div role=\"region\" aria-labelledby=\"e-n-accordion-item-4114\" class=\"elementor-element elementor-element-6d59f7b3 e-con-full e-flex e-con e-child\" data-id=\"6d59f7b3\" data-element_type=\"container\" data-e-type=\"container\">\n\t\t\t\t<div class=\"elementor-element elementor-element-71c9b31e elementor-widget elementor-widget-text-editor\" data-id=\"71c9b31e\" data-element_type=\"widget\" data-e-type=\"widget\" data-widget_type=\"text-editor.default\">\n\t\t\t\t<div class=\"elementor-widget-container\">\n\t\t\t\t\t\t\t\t\t<p data-start=\"89\" data-end=\"133\"><strong data-start=\"89\" data-end=\"133\">Are dogs allowed at the Alpenresorts?\u00a0<\/strong><\/p>\n<p><\/p>\n<p data-start=\"135\" data-end=\"271\">Absolutely \u2013 <strong data-start=\"148\" data-end=\"215\">your beloved four-legged friends are very welcome upon request!<\/strong><br data-start=\"215\" data-end=\"218\" \/>We charge <strong data-start=\"228\" data-end=\"271\">\u20ac 30.00 per dog per day (without food).<\/strong><\/p>\n<p><\/p>\n<p data-start=\"273\" data-end=\"468\">As a little extra, every furry guest will receive a <strong data-start=\"325\" data-end=\"343\">small surprise<\/strong> upon arrival.\u00a0<br data-start=\"360\" data-end=\"363\" \/>Please make sure to bring your dog\u2019s <strong data-start=\"400\" data-end=\"451\">bed, blanket, and anything else they might need<\/strong> to feel at home.<\/p>\n\t\t\t\t\t\t\t\t<\/div>\n\t\t\t\t<\/div>\n\t\t\t\t<\/div>\n\t\t\t\t<\/div>\n\t\t\t\t\t<\/details>\n\t\t\t\t\t\t<details id=\"e-n-accordion-item-4115\" class=\"e-n-accordion-item\" >\n\t\t\t\t<summary class=\"e-n-accordion-item-title\" data-accordion-index=\"6\" tabindex=\"-1\" aria-expanded=\"false\" aria-controls=\"e-n-accordion-item-4115\" >\n\t\t\t\t\t<span class='e-n-accordion-item-title-header'><div class=\"e-n-accordion-item-title-text\"> Pre-check-in  <\/div><\/span>\n\t\t\t\t\t\t\t<span class='e-n-accordion-item-title-icon'>\n\t\t\t<span class='e-opened' ><i aria-hidden=\"true\" class=\"pfeile pfeileelement-25\"><\/i><\/span>\n\t\t\t<span class='e-closed'><i aria-hidden=\"true\" class=\"pfeile pfeileelement-26\"><\/i><\/span>\n\t\t<\/span>\n\n\t\t\t\t\t\t<\/summary>\n\t\t\t\t<div role=\"region\" aria-labelledby=\"e-n-accordion-item-4115\" class=\"elementor-element elementor-element-7ee716f5 e-con-full e-flex e-con e-child\" data-id=\"7ee716f5\" data-element_type=\"container\" data-e-type=\"container\">\n\t\t<div role=\"region\" aria-labelledby=\"e-n-accordion-item-4115\" class=\"elementor-element elementor-element-68429f87 e-con-full e-flex e-con e-child\" data-id=\"68429f87\" data-element_type=\"container\" data-e-type=\"container\">\n\t\t\t\t<div class=\"elementor-element elementor-element-304ca000 elementor-widget elementor-widget-text-editor\" data-id=\"304ca000\" data-element_type=\"widget\" data-e-type=\"widget\" data-widget_type=\"text-editor.default\">\n\t\t\t\t<div class=\"elementor-widget-container\">\n\t\t\t\t\t\t\t\t\t<p><strong>Can we also check in ahead of time?<\/strong><\/p>\n<p>With your booking confirmation you will receive a link that allows you to check in from the comfort of your own home.<\/p>\n\t\t\t\t\t\t\t\t<\/div>\n\t\t\t\t<\/div>\n\t\t\t\t<\/div>\n\t\t\t\t<\/div>\n\t\t\t\t\t<\/details>\n\t\t\t\t\t\t<details id=\"e-n-accordion-item-4116\" class=\"e-n-accordion-item\" >\n\t\t\t\t<summary class=\"e-n-accordion-item-title\" data-accordion-index=\"7\" tabindex=\"-1\" aria-expanded=\"false\" aria-controls=\"e-n-accordion-item-4116\" >\n\t\t\t\t\t<span class='e-n-accordion-item-title-header'><div class=\"e-n-accordion-item-title-text\"> Local\/tourist tax <\/div><\/span>\n\t\t\t\t\t\t\t<span class='e-n-accordion-item-title-icon'>\n\t\t\t<span class='e-opened' ><i aria-hidden=\"true\" class=\"pfeile pfeileelement-25\"><\/i><\/span>\n\t\t\t<span class='e-closed'><i aria-hidden=\"true\" class=\"pfeile pfeileelement-26\"><\/i><\/span>\n\t\t<\/span>\n\n\t\t\t\t\t\t<\/summary>\n\t\t\t\t<div role=\"region\" aria-labelledby=\"e-n-accordion-item-4116\" class=\"elementor-element elementor-element-29c4cc28 e-con-full e-flex e-con e-child\" data-id=\"29c4cc28\" data-element_type=\"container\" data-e-type=\"container\">\n\t\t<div role=\"region\" aria-labelledby=\"e-n-accordion-item-4116\" class=\"elementor-element elementor-element-2ec07d11 e-con-full e-flex e-con e-child\" data-id=\"2ec07d11\" data-element_type=\"container\" data-e-type=\"container\">\n\t\t\t\t<div class=\"elementor-element elementor-element-171644fe elementor-widget elementor-widget-text-editor\" data-id=\"171644fe\" data-element_type=\"widget\" data-e-type=\"widget\" data-widget_type=\"text-editor.default\">\n\t\t\t\t<div class=\"elementor-widget-container\">\n\t\t\t\t\t\t\t\t\t<p><strong>How much is the local\/tourist tax?<\/strong><\/p>\n<p>The local tax in Serfaus-Fiss-Ladis is <strong>\u20ac3.70 per person per night.\u00a0<\/strong><\/p>\n<p>For bookings in 2025: The local tax applies to all people including born in 2009.<br \/>For bookings in 2026: The local tax applies to all people including born in 2010.<\/p>\n<p><strong>The local tax is valid at the arrival date, not at the booking date!<\/strong><br \/><strong>In case of incorrect information about the personal data, the guest is liable.<\/strong><\/p>\n\t\t\t\t\t\t\t\t<\/div>\n\t\t\t\t<\/div>\n\t\t\t\t<\/div>\n\t\t\t\t<\/div>\n\t\t\t\t\t<\/details>\n\t\t\t\t\t\t<details id=\"e-n-accordion-item-4117\" class=\"e-n-accordion-item\" >\n\t\t\t\t<summary class=\"e-n-accordion-item-title\" data-accordion-index=\"8\" tabindex=\"-1\" aria-expanded=\"false\" aria-controls=\"e-n-accordion-item-4117\" >\n\t\t\t\t\t<span class='e-n-accordion-item-title-header'><div class=\"e-n-accordion-item-title-text\"> Cars\/parking <\/div><\/span>\n\t\t\t\t\t\t\t<span class='e-n-accordion-item-title-icon'>\n\t\t\t<span class='e-opened' ><i aria-hidden=\"true\" class=\"pfeile pfeileelement-25\"><\/i><\/span>\n\t\t\t<span class='e-closed'><i aria-hidden=\"true\" class=\"pfeile pfeileelement-26\"><\/i><\/span>\n\t\t<\/span>\n\n\t\t\t\t\t\t<\/summary>\n\t\t\t\t<div role=\"region\" aria-labelledby=\"e-n-accordion-item-4117\" class=\"elementor-element elementor-element-b003f86 e-con-full e-flex e-con e-child\" data-id=\"b003f86\" data-element_type=\"container\" data-e-type=\"container\">\n\t\t<div role=\"region\" aria-labelledby=\"e-n-accordion-item-4117\" class=\"elementor-element elementor-element-54eb67ab e-con-full e-flex e-con e-child\" data-id=\"54eb67ab\" data-element_type=\"container\" data-e-type=\"container\">\n\t\t\t\t<div class=\"elementor-element elementor-element-6349dc45 elementor-widget elementor-widget-text-editor\" data-id=\"6349dc45\" data-element_type=\"widget\" data-e-type=\"widget\" data-widget_type=\"text-editor.default\">\n\t\t\t\t<div class=\"elementor-widget-container\">\n\t\t\t\t\t\t\t\t\t<p><strong>Where can we park our car during our vacation?<\/strong><\/p>\n<p>Parking spaces are available directly in front of the buildings. If you are arriving with more than one car, please let us know in good time so that we can reserve parking spaces.<\/p>\n<ul>\n<li>1 reserved parking space free of charge per 1- or 2-bedroom apartment (excluding living room\/bedroom), lodge, and studio<\/li>\n<li>2 reserved parking spaces free of charge per 3- or 4-bedroom apartment (excluding living room\/bedroom), lodge, and chalet<\/li>\n<li>3 reserved parking spaces free of charge per 5-bedroom chalet<\/li>\n<\/ul>\n<p>For each additional parking space required, we charge a fee of \u20ac10.00 per day and car.<\/p>\n<p>If you would like to spend your departure day in our region and park your car with us, this is no problem, subject to availability. A fee of \u20ac10.00 per car applies.<\/p>\n\t\t\t\t\t\t\t\t<\/div>\n\t\t\t\t<\/div>\n\t\t\t\t<\/div>\n\t\t\t\t<\/div>\n\t\t\t\t\t<\/details>\n\t\t\t\t\t\t<details id=\"e-n-accordion-item-4118\" class=\"e-n-accordion-item\" >\n\t\t\t\t<summary class=\"e-n-accordion-item-title\" data-accordion-index=\"9\" tabindex=\"-1\" aria-expanded=\"false\" aria-controls=\"e-n-accordion-item-4118\" >\n\t\t\t\t\t<span class='e-n-accordion-item-title-header'><div class=\"e-n-accordion-item-title-text\"> Reception desk  <\/div><\/span>\n\t\t\t\t\t\t\t<span class='e-n-accordion-item-title-icon'>\n\t\t\t<span class='e-opened' ><i aria-hidden=\"true\" class=\"pfeile pfeileelement-25\"><\/i><\/span>\n\t\t\t<span class='e-closed'><i aria-hidden=\"true\" class=\"pfeile pfeileelement-26\"><\/i><\/span>\n\t\t<\/span>\n\n\t\t\t\t\t\t<\/summary>\n\t\t\t\t<div role=\"region\" aria-labelledby=\"e-n-accordion-item-4118\" class=\"elementor-element elementor-element-6bc3d9a9 e-con-full e-flex e-con e-child\" data-id=\"6bc3d9a9\" data-element_type=\"container\" data-e-type=\"container\">\n\t\t<div role=\"region\" aria-labelledby=\"e-n-accordion-item-4118\" class=\"elementor-element elementor-element-52ee6b3 e-con-full e-flex e-con e-child\" data-id=\"52ee6b3\" data-element_type=\"container\" data-e-type=\"container\">\n\t\t\t\t<div class=\"elementor-element elementor-element-5707ae9a elementor-widget elementor-widget-text-editor\" data-id=\"5707ae9a\" data-element_type=\"widget\" data-e-type=\"widget\" data-widget_type=\"text-editor.default\">\n\t\t\t\t<div class=\"elementor-widget-container\">\n\t\t\t\t\t\t\t\t\t<p><strong>Where is the reception desk of the Alpenresorts and when is it open?<\/strong><\/p>\n<p data-start=\"42\" data-end=\"135\">The reception for all Alpenresorts is located at <strong data-start=\"91\" data-end=\"111\">Laudegghof Ladis<\/strong>, Unterdorf 43 in Ladis. You can find the opening hours in the <strong data-start=\"175\" data-end=\"187\">GuestApp<\/strong> (there\u2019s a QR code in your accommodation). You can also reach them almost anytime by phone or WhatsApp at <strong data-start=\"295\" data-end=\"316\">+43 664 533 20 30<\/strong>.<\/p>\n\t\t\t\t\t\t\t\t<\/div>\n\t\t\t\t<\/div>\n\t\t\t\t<\/div>\n\t\t\t\t<\/div>\n\t\t\t\t\t<\/details>\n\t\t\t\t\t\t<details id=\"e-n-accordion-item-4119\" class=\"e-n-accordion-item\" >\n\t\t\t\t<summary class=\"e-n-accordion-item-title\" data-accordion-index=\"10\" tabindex=\"-1\" aria-expanded=\"false\" aria-controls=\"e-n-accordion-item-4119\" >\n\t\t\t\t\t<span class='e-n-accordion-item-title-header'><div class=\"e-n-accordion-item-title-text\"> Cancellations  <\/div><\/span>\n\t\t\t\t\t\t\t<span class='e-n-accordion-item-title-icon'>\n\t\t\t<span class='e-opened' ><i aria-hidden=\"true\" class=\"pfeile pfeileelement-25\"><\/i><\/span>\n\t\t\t<span class='e-closed'><i aria-hidden=\"true\" class=\"pfeile pfeileelement-26\"><\/i><\/span>\n\t\t<\/span>\n\n\t\t\t\t\t\t<\/summary>\n\t\t\t\t<div role=\"region\" aria-labelledby=\"e-n-accordion-item-4119\" class=\"elementor-element elementor-element-6cb998ee e-con-full e-flex e-con e-child\" data-id=\"6cb998ee\" data-element_type=\"container\" data-e-type=\"container\">\n\t\t<div role=\"region\" aria-labelledby=\"e-n-accordion-item-4119\" class=\"elementor-element elementor-element-3e682e4e e-con-full e-flex e-con e-child\" data-id=\"3e682e4e\" data-element_type=\"container\" data-e-type=\"container\">\n\t\t\t\t<div class=\"elementor-element elementor-element-46b73b21 elementor-widget elementor-widget-text-editor\" data-id=\"46b73b21\" data-element_type=\"widget\" data-e-type=\"widget\" data-widget_type=\"text-editor.default\">\n\t\t\t\t<div class=\"elementor-widget-container\">\n\t\t\t\t\t\t\t\t\t<p><strong>Under what conditions can we cancel our booking?<\/strong><\/p>\n<p style=\"font-weight: 400;\"><strong>Cancellations for Flexible Bookings<\/strong><\/p>\n<p><\/p>\n<p style=\"font-weight: 400;\">Cancellations as well as early departures will be charged as follows:<\/p>\n<ul style=\"font-weight: 400;\">\n<li><strong>3 months to 1 month before arrival:<\/strong> 40% of the total price<\/li>\n<li><strong>1 month to 1 week before arrival:<\/strong> 70% of the total price<\/li>\n<li><strong>Within the last week before arrival:<\/strong> 90% of the total price<\/li>\n<li><strong>1 day before arrival or in case of no-show:<\/strong> 100% of the total price<\/li>\n<\/ul>\n<p><\/p>\n<p style=\"font-weight: 400;\">Regardless of the time of cancellation, a <strong>processing fee of \u20ac50.00<\/strong> per studio \/ apartment \/ lodge \/ chalet will be charged.<\/p>\n<p><\/p>\n<p style=\"font-weight: 400;\">The right of withdrawal pursuant to \u00a7 18 para. 1 item 10 of the Austrian Consumer Protection Act (FAGG) is excluded. Instead, the <strong>Austrian Hotel Contract Conditions (AGBH 2006)<\/strong> shall apply.<br \/>\nCancellations are <strong>only valid if made in writing<\/strong>.<\/p>\n<p><\/p>\n<p style=\"font-weight: 400;\">In the event of late arrival or early departure, <strong>unused arrangements will be charged in full<\/strong>.<\/p>\n<p><\/p>\n<p style=\"font-weight: 400;\"><strong>Cancellations for Fixed (Non-Refundable) Bookings<\/strong><\/p>\n<p><\/p>\n<p style=\"font-weight: 400;\">Fixed bookings are <strong>non-refundable in the event of cancellation, modification, or no-show<\/strong>.<\/p>\n\t\t\t\t\t\t\t\t<\/div>\n\t\t\t\t<\/div>\n\t\t\t\t<\/div>\n\t\t\t\t<\/div>\n\t\t\t\t\t<\/details>\n\t\t\t\t\t\t<details id=\"e-n-accordion-item-41110\" class=\"e-n-accordion-item\" >\n\t\t\t\t<summary class=\"e-n-accordion-item-title\" data-accordion-index=\"11\" tabindex=\"-1\" aria-expanded=\"false\" aria-controls=\"e-n-accordion-item-41110\" >\n\t\t\t\t\t<span class='e-n-accordion-item-title-header'><div class=\"e-n-accordion-item-title-text\"> Travel insurance  <\/div><\/span>\n\t\t\t\t\t\t\t<span class='e-n-accordion-item-title-icon'>\n\t\t\t<span class='e-opened' ><i aria-hidden=\"true\" class=\"pfeile pfeileelement-25\"><\/i><\/span>\n\t\t\t<span class='e-closed'><i aria-hidden=\"true\" class=\"pfeile pfeileelement-26\"><\/i><\/span>\n\t\t<\/span>\n\n\t\t\t\t\t\t<\/summary>\n\t\t\t\t<div role=\"region\" aria-labelledby=\"e-n-accordion-item-41110\" class=\"elementor-element elementor-element-321ac91 e-con-full e-flex e-con e-child\" data-id=\"321ac91\" data-element_type=\"container\" data-e-type=\"container\">\n\t\t<div role=\"region\" aria-labelledby=\"e-n-accordion-item-41110\" class=\"elementor-element elementor-element-0d11dbd e-con-full e-flex e-con e-child\" data-id=\"0d11dbd\" data-element_type=\"container\" data-e-type=\"container\">\n\t\t\t\t<div class=\"elementor-element elementor-element-302546e elementor-widget elementor-widget-text-editor\" data-id=\"302546e\" data-element_type=\"widget\" data-e-type=\"widget\" data-widget_type=\"text-editor.default\">\n\t\t\t\t<div class=\"elementor-widget-container\">\n\t\t\t\t\t\t\t\t\t<p>We know from experience that despite all the anticipation of a booked vacation, something can always come up at short notice. To avoid costs and hassle, we recommend that you take out <a href=\"https:\/\/start.europaeische.at\/index.php?key=hsp&amp;agencyNumber=10022611\" target=\"_blank\" rel=\"noopener\" data-mce-href=\"https:\/\/start.europaeische.at\/index.php?key=hsp&amp;agencyNumber=10022611\">cancellation insurance<\/a>: As a precaution for cancellations as well as early departures and mountain rescue (incl. helicopter rescue), we recommend taking out the Hotelstorno Plus insurance package or the comprehensive Hotelstorno Premium insurance package (incl. accident benefits).<\/p>\n<p><strong>Are you insured via your credit card provider? <\/strong><\/p>\n<p>Travel insurance is included by default for many credit cards. <strong>Be careful!<\/strong> This is usually only valid for the cardholder, which means that in the event of a cancellation, only the cardholder\u2019s share is reimbursed and the rest of the family is often not insured. Please check whether you are sufficiently insured. You can obtain more information from your credit card company.<\/p>\n\t\t\t\t\t\t\t\t<\/div>\n\t\t\t\t<\/div>\n\t\t\t\t<\/div>\n\t\t\t\t<\/div>\n\t\t\t\t\t<\/details>\n\t\t\t\t\t\t<details id=\"e-n-accordion-item-41111\" class=\"e-n-accordion-item\" >\n\t\t\t\t<summary class=\"e-n-accordion-item-title\" data-accordion-index=\"12\" tabindex=\"-1\" aria-expanded=\"false\" aria-controls=\"e-n-accordion-item-41111\" >\n\t\t\t\t\t<span class='e-n-accordion-item-title-header'><div class=\"e-n-accordion-item-title-text\"> Super Summer Card  <\/div><\/span>\n\t\t\t\t\t\t\t<span class='e-n-accordion-item-title-icon'>\n\t\t\t<span class='e-opened' ><i aria-hidden=\"true\" class=\"pfeile pfeileelement-25\"><\/i><\/span>\n\t\t\t<span class='e-closed'><i aria-hidden=\"true\" class=\"pfeile pfeileelement-26\"><\/i><\/span>\n\t\t<\/span>\n\n\t\t\t\t\t\t<\/summary>\n\t\t\t\t<div role=\"region\" aria-labelledby=\"e-n-accordion-item-41111\" class=\"elementor-element elementor-element-56f724cd e-con-full e-flex e-con e-child\" data-id=\"56f724cd\" data-element_type=\"container\" data-e-type=\"container\">\n\t\t<div role=\"region\" aria-labelledby=\"e-n-accordion-item-41111\" class=\"elementor-element elementor-element-7f31b185 e-con-full e-flex e-con e-child\" data-id=\"7f31b185\" data-element_type=\"container\" data-e-type=\"container\">\n\t\t\t\t<div class=\"elementor-element elementor-element-62e98f4c elementor-widget elementor-widget-text-editor\" data-id=\"62e98f4c\" data-element_type=\"widget\" data-e-type=\"widget\" data-widget_type=\"text-editor.default\">\n\t\t\t\t<div class=\"elementor-widget-container\">\n\t\t\t\t\t\t\t\t\t<p><strong>From when to when is the Super Summer Card valid?<\/strong><\/p>\n<p>The card is included with all bookings at the Alpenresorts Ladis from <strong data-start=\"107\" data-end=\"138\">June 14 to October 19, 2025<\/strong>, and from <strong data-start=\"149\" data-end=\"180\">June 13 to October 11, 2026<\/strong>.<\/p>\n\t\t\t\t\t\t\t\t<\/div>\n\t\t\t\t<\/div>\n\t\t\t\t<\/div>\n\t\t\t\t<\/div>\n\t\t\t\t\t<\/details>\n\t\t\t\t\t\t<details id=\"e-n-accordion-item-41112\" class=\"e-n-accordion-item\" >\n\t\t\t\t<summary class=\"e-n-accordion-item-title\" data-accordion-index=\"13\" tabindex=\"-1\" aria-expanded=\"false\" aria-controls=\"e-n-accordion-item-41112\" >\n\t\t\t\t\t<span class='e-n-accordion-item-title-header'><div class=\"e-n-accordion-item-title-text\"> Forgotten items <\/div><\/span>\n\t\t\t\t\t\t\t<span class='e-n-accordion-item-title-icon'>\n\t\t\t<span class='e-opened' ><i aria-hidden=\"true\" class=\"pfeile pfeileelement-25\"><\/i><\/span>\n\t\t\t<span class='e-closed'><i aria-hidden=\"true\" class=\"pfeile pfeileelement-26\"><\/i><\/span>\n\t\t<\/span>\n\n\t\t\t\t\t\t<\/summary>\n\t\t\t\t<div role=\"region\" aria-labelledby=\"e-n-accordion-item-41112\" class=\"elementor-element elementor-element-6f95400a e-con-full e-flex e-con e-child\" data-id=\"6f95400a\" data-element_type=\"container\" data-e-type=\"container\">\n\t\t<div role=\"region\" aria-labelledby=\"e-n-accordion-item-41112\" class=\"elementor-element elementor-element-3f0c8048 e-con-full e-flex e-con e-child\" data-id=\"3f0c8048\" data-element_type=\"container\" data-e-type=\"container\">\n\t\t\t\t<div class=\"elementor-element elementor-element-921f65d elementor-widget elementor-widget-text-editor\" data-id=\"921f65d\" data-element_type=\"widget\" data-e-type=\"widget\" data-widget_type=\"text-editor.default\">\n\t\t\t\t<div class=\"elementor-widget-container\">\n\t\t\t\t\t\t\t\t\t<p><strong>What happens if we leave something in the accommodation?<\/strong><\/p>\n<p>All items that are left behind will be stored until the end of the season. If we have not received any message from you, they will be donated to a charitable cause. (Items that are left behind will not be automatically forwarded by mail or parcel service.) We will have to charge for the cost of returning forgotten items (travel, packaging, shipping, insurance and valuable time).<\/p>\n\t\t\t\t\t\t\t\t<\/div>\n\t\t\t\t<\/div>\n\t\t\t\t<\/div>\n\t\t\t\t<\/div>\n\t\t\t\t\t<\/details>\n\t\t\t\t\t\t<details id=\"e-n-accordion-item-41113\" class=\"e-n-accordion-item\" >\n\t\t\t\t<summary class=\"e-n-accordion-item-title\" data-accordion-index=\"14\" tabindex=\"-1\" aria-expanded=\"false\" aria-controls=\"e-n-accordion-item-41113\" >\n\t\t\t\t\t<span class='e-n-accordion-item-title-header'><div class=\"e-n-accordion-item-title-text\"> Additional guests  <\/div><\/span>\n\t\t\t\t\t\t\t<span class='e-n-accordion-item-title-icon'>\n\t\t\t<span class='e-opened' ><i aria-hidden=\"true\" class=\"pfeile pfeileelement-25\"><\/i><\/span>\n\t\t\t<span class='e-closed'><i aria-hidden=\"true\" class=\"pfeile pfeileelement-26\"><\/i><\/span>\n\t\t<\/span>\n\n\t\t\t\t\t\t<\/summary>\n\t\t\t\t<div role=\"region\" aria-labelledby=\"e-n-accordion-item-41113\" class=\"elementor-element elementor-element-403b6799 e-con-full e-flex e-con e-child\" data-id=\"403b6799\" data-element_type=\"container\" data-e-type=\"container\">\n\t\t<div role=\"region\" aria-labelledby=\"e-n-accordion-item-41113\" class=\"elementor-element elementor-element-20c1d0e3 e-con-full e-flex e-con e-child\" data-id=\"20c1d0e3\" data-element_type=\"container\" data-e-type=\"container\">\n\t\t\t\t<div class=\"elementor-element elementor-element-54a8e22a elementor-widget elementor-widget-text-editor\" data-id=\"54a8e22a\" data-element_type=\"widget\" data-e-type=\"widget\" data-widget_type=\"text-editor.default\">\n\t\t\t\t<div class=\"elementor-widget-container\">\n\t\t\t\t\t\t\t\t\t<p><strong>What happens if more people want to come along than were booked? <\/strong><\/p>\n<p>No problem! Just let us know us in writing or by phone and we will gladly let you know if this is possible.<\/p>\n\t\t\t\t\t\t\t\t<\/div>\n\t\t\t\t<\/div>\n\t\t\t\t<\/div>\n\t\t\t\t<\/div>\n\t\t\t\t\t<\/details>\n\t\t\t\t\t\t<details id=\"e-n-accordion-item-41114\" class=\"e-n-accordion-item\" >\n\t\t\t\t<summary class=\"e-n-accordion-item-title\" data-accordion-index=\"15\" tabindex=\"-1\" aria-expanded=\"false\" aria-controls=\"e-n-accordion-item-41114\" >\n\t\t\t\t\t<span class='e-n-accordion-item-title-header'><div class=\"e-n-accordion-item-title-text\"> Additional information  <\/div><\/span>\n\t\t\t\t\t\t\t<span class='e-n-accordion-item-title-icon'>\n\t\t\t<span class='e-opened' ><i aria-hidden=\"true\" class=\"pfeile pfeileelement-25\"><\/i><\/span>\n\t\t\t<span class='e-closed'><i aria-hidden=\"true\" class=\"pfeile pfeileelement-26\"><\/i><\/span>\n\t\t<\/span>\n\n\t\t\t\t\t\t<\/summary>\n\t\t\t\t<div role=\"region\" aria-labelledby=\"e-n-accordion-item-41114\" class=\"elementor-element elementor-element-26fcf5d5 e-con-full e-flex e-con e-child\" data-id=\"26fcf5d5\" data-element_type=\"container\" data-e-type=\"container\">\n\t\t<div role=\"region\" aria-labelledby=\"e-n-accordion-item-41114\" class=\"elementor-element elementor-element-241dbdd e-con-full e-flex e-con e-child\" data-id=\"241dbdd\" data-element_type=\"container\" data-e-type=\"container\">\n\t\t\t\t<div class=\"elementor-element elementor-element-5d1c26ad elementor-widget elementor-widget-text-editor\" data-id=\"5d1c26ad\" data-element_type=\"widget\" data-e-type=\"widget\" data-widget_type=\"text-editor.default\">\n\t\t\t\t<div class=\"elementor-widget-container\">\n\t\t\t\t\t\t\t\t\t<p><strong>Is there anything else I should know?<\/strong><\/p>\n<ul>\n<li>We ask you to book package deals in advance!<\/li>\n<li>Subject to price changes, printing errors, and mistakes, as well as changes to special offers.<\/li>\n<li>In the event of unforeseen price increases there may be a rate adjustment. We ask for your understanding.<\/li>\n<li>The prices are calculated according to occupancy\/availability in the various categories and at the specified seasonal rates.The <a href=\"http:\/\/www.wko.at\/oe\/tourismus-freizeitwirtschaft\/hotellerie\/agbh-englisch.pdf\" target=\"_blank\" rel=\"noopener\" data-mce-href=\"http:\/\/www.wko.at\/oe\/tourismus-freizeitwirtschaft\/hotellerie\/agbh-englisch.pdf\">2006 General Terms and Conditions of the Austrian Hotel Industry (ABGH)<\/a> apply.<\/li>\n<\/ul>\n\t\t\t\t\t\t\t\t<\/div>\n\t\t\t\t<\/div>\n\t\t\t\t<\/div>\n\t\t\t\t<\/div>\n\t\t\t\t\t<\/details>\n\t\t\t\t\t<\/div>\n\t\t\t\t\t\t<\/div>\n\t\t\t\t<\/div>\n\t\t\t\t<\/div>\n\t\t\t\t<\/div>\n\t\t\t\t<\/div>\n\t\t\t\t\t\t<\/div>\n\t\t\t\t<\/div>\n\t\t\t\t\t<\/div>\n\t\t\t\t<\/div>\n\t\t<div class=\"elementor-element elementor-element-13b9ed2b e-flex e-con-boxed e-con e-parent\" data-id=\"13b9ed2b\" data-element_type=\"container\" data-e-type=\"container\">\n\t\t\t\t\t<div class=\"e-con-inner\">\n\t\t\t\t<div class=\"elementor-element elementor-element-667e4689 uael-img-grid-tablet_extra__column-4 uael-img-grid-tablet__column-4 uael-img-grid__column-4 uael-img-grid-mobile__column-2 uael-ins-normal elementor-widget elementor-widget-uael-image-gallery\" data-id=\"667e4689\" data-element_type=\"widget\" data-e-type=\"widget\" data-settings=\"{&quot;gallery_columns_tablet_extra&quot;:&quot;4&quot;,&quot;gallery_columns_tablet&quot;:&quot;4&quot;,&quot;gallery_columns&quot;:&quot;4&quot;,&quot;gallery_columns_mobile&quot;:&quot;2&quot;,&quot;column_gap&quot;:{&quot;unit&quot;:&quot;px&quot;,&quot;size&quot;:20,&quot;sizes&quot;:[]},&quot;column_gap_laptop&quot;:{&quot;unit&quot;:&quot;px&quot;,&quot;size&quot;:&quot;&quot;,&quot;sizes&quot;:[]},&quot;column_gap_tablet_extra&quot;:{&quot;unit&quot;:&quot;px&quot;,&quot;size&quot;:&quot;&quot;,&quot;sizes&quot;:[]},&quot;column_gap_tablet&quot;:{&quot;unit&quot;:&quot;px&quot;,&quot;size&quot;:&quot;&quot;,&quot;sizes&quot;:[]},&quot;column_gap_mobile_extra&quot;:{&quot;unit&quot;:&quot;px&quot;,&quot;size&quot;:&quot;&quot;,&quot;sizes&quot;:[]},&quot;column_gap_mobile&quot;:{&quot;unit&quot;:&quot;px&quot;,&quot;size&quot;:&quot;&quot;,&quot;sizes&quot;:[]},&quot;row_gap&quot;:{&quot;unit&quot;:&quot;px&quot;,&quot;size&quot;:20,&quot;sizes&quot;:[]},&quot;row_gap_laptop&quot;:{&quot;unit&quot;:&quot;px&quot;,&quot;size&quot;:&quot;&quot;,&quot;sizes&quot;:[]},&quot;row_gap_tablet_extra&quot;:{&quot;unit&quot;:&quot;px&quot;,&quot;size&quot;:&quot;&quot;,&quot;sizes&quot;:[]},&quot;row_gap_tablet&quot;:{&quot;unit&quot;:&quot;px&quot;,&quot;size&quot;:&quot;&quot;,&quot;sizes&quot;:[]},&quot;row_gap_mobile_extra&quot;:{&quot;unit&quot;:&quot;px&quot;,&quot;size&quot;:&quot;&quot;,&quot;sizes&quot;:[]},&quot;row_gap_mobile&quot;:{&quot;unit&quot;:&quot;px&quot;,&quot;size&quot;:&quot;&quot;,&quot;sizes&quot;:[]}}\" data-widget_type=\"uael-image-gallery.default\">\n\t\t\t\t<div class=\"elementor-widget-container\">\n\t\t\t\t\t<div class=\"uael-gallery-parent uael-caption- uael-gallery-unjustified\"><div class=\"uael-img-gallery-wrap uael-img-masonry-wrap uael-img-grid-masonry-wrap uael-masonry uael-image-lightbox-wrap\" data-filter-default=\"All\" data-lightbox_actions=\"[&quot;close&quot;]\" data-lightbox-gallery-loop=\"\"><div class=\"uael-grid-item  uael-img-gallery-item-1\"><div class=\"uael-grid-item-content\"><a class=\"uael-grid-img uael-grid-gallery-img uael-ins-hover elementor-clickable\" data-fancybox=\"uael-gallery\" href=\"https:\/\/alpenresorts-ladis.at\/wp-content\/uploads\/2024\/08\/Alpenresort_Ladis_Apart_5-1_adore_fall_2024_web_1000x667.jpg\" data-elementor-open-lightbox=\"no\"><div class=\"uael-grid-img-thumbnail uael-ins-target\"><img decoding=\"async\" width=\"1000\" height=\"667\" src=\"https:\/\/alpenresorts-ladis.at\/wp-content\/uploads\/2024\/08\/Alpenresort_Ladis_Apart_5-1_adore_fall_2024_web_1000x667.jpg\" class=\"attachment-full size-full wp-image-10262\" alt=\"Ein gem\u00fctliches Hotelzimmer mit einem Doppelbett aus Holz mit wei\u00dfer Bettw\u00e4sche und Kissen erinnert an die W\u00e4rme einer heimeligen Wohnung. Der Raum verf\u00fcgt \u00fcber beige W\u00e4nde, Holzschr\u00e4nke, Nachttische mit Wandlampen und ein gerahmtes Bild \u00fcber dem Bett. Ein roter Teppich verleiht dem Boden einen Hauch von Luxus.\" srcset=\"https:\/\/alpenresorts-ladis.at\/wp-content\/uploads\/2024\/08\/Alpenresort_Ladis_Apart_5-1_adore_fall_2024_web_1000x667.jpg 1000w, https:\/\/alpenresorts-ladis.at\/wp-content\/uploads\/2024\/08\/Alpenresort_Ladis_Apart_5-1_adore_fall_2024_web_1000x667-300x200.jpg 300w, https:\/\/alpenresorts-ladis.at\/wp-content\/uploads\/2024\/08\/Alpenresort_Ladis_Apart_5-1_adore_fall_2024_web_1000x667-768x512.jpg 768w\" sizes=\"(max-width: 1000px) 100vw, 1000px\" \/><\/div><div class=\"uael-grid-img-overlay\"><\/div><\/a><\/div><\/div><div class=\"uael-grid-item  uael-img-gallery-item-2\"><div class=\"uael-grid-item-content\"><a class=\"uael-grid-img uael-grid-gallery-img uael-ins-hover elementor-clickable\" data-fancybox=\"uael-gallery\" href=\"https:\/\/alpenresorts-ladis.at\/wp-content\/uploads\/2024\/08\/Alpenresort_Ladis_Apart_5-6_adore_fall_2024_web_1000x667.jpg\" data-elementor-open-lightbox=\"no\"><div class=\"uael-grid-img-thumbnail uael-ins-target\"><img decoding=\"async\" width=\"1000\" height=\"667\" src=\"https:\/\/alpenresorts-ladis.at\/wp-content\/uploads\/2024\/08\/Alpenresort_Ladis_Apart_5-6_adore_fall_2024_web_1000x667.jpg\" class=\"attachment-full size-full wp-image-10264\" alt=\"Das Zimmer im Hotelstil des Apartments verf\u00fcgt \u00fcber zwei ordentlich gemachte Einzelbetten auf einem roten Teppich. Ein Holzschrank steht unter einem an der Wand montierten Flachbildfernseher, w\u00e4hrend ein gro\u00dfes Fenster mit durchsichtigen und dunklen Vorh\u00e4ngen den Raum in nat\u00fcrliches Licht taucht. Gerahmte monochrome Bilder verleihen den W\u00e4nden eine elegante Note.\" srcset=\"https:\/\/alpenresorts-ladis.at\/wp-content\/uploads\/2024\/08\/Alpenresort_Ladis_Apart_5-6_adore_fall_2024_web_1000x667.jpg 1000w, https:\/\/alpenresorts-ladis.at\/wp-content\/uploads\/2024\/08\/Alpenresort_Ladis_Apart_5-6_adore_fall_2024_web_1000x667-300x200.jpg 300w, https:\/\/alpenresorts-ladis.at\/wp-content\/uploads\/2024\/08\/Alpenresort_Ladis_Apart_5-6_adore_fall_2024_web_1000x667-768x512.jpg 768w\" sizes=\"(max-width: 1000px) 100vw, 1000px\" \/><\/div><div class=\"uael-grid-img-overlay\"><\/div><\/a><\/div><\/div><div class=\"uael-grid-item  uael-img-gallery-item-3\"><div class=\"uael-grid-item-content\"><a class=\"uael-grid-img uael-grid-gallery-img uael-ins-hover elementor-clickable\" data-fancybox=\"uael-gallery\" href=\"https:\/\/alpenresorts-ladis.at\/wp-content\/uploads\/2024\/08\/Alpenresort_Ladis_Apart_5-26_adore_fall_2024_web_1000x667.jpg\" data-elementor-open-lightbox=\"no\"><div class=\"uael-grid-img-thumbnail uael-ins-target\"><img loading=\"lazy\" decoding=\"async\" width=\"1000\" height=\"667\" src=\"https:\/\/alpenresorts-ladis.at\/wp-content\/uploads\/2024\/08\/Alpenresort_Ladis_Apart_5-26_adore_fall_2024_web_1000x667.jpg\" class=\"attachment-full size-full wp-image-10272\" alt=\"Dieses moderne Apartment verf\u00fcgt \u00fcber ein stilvolles Wohnzimmer mit einer grau-roten Couch, einem h\u00f6lzernen Couchtisch im Blockdesign und einem angrenzenden K\u00fcchenbereich mit hellen Holzschr\u00e4nken, einem Ofen und einer Mikrowelle. Ein Schwarzwei\u00dffoto schm\u00fcckt die Wand \u00fcber dem dunklen Holzboden.\" srcset=\"https:\/\/alpenresorts-ladis.at\/wp-content\/uploads\/2024\/08\/Alpenresort_Ladis_Apart_5-26_adore_fall_2024_web_1000x667.jpg 1000w, https:\/\/alpenresorts-ladis.at\/wp-content\/uploads\/2024\/08\/Alpenresort_Ladis_Apart_5-26_adore_fall_2024_web_1000x667-300x200.jpg 300w, https:\/\/alpenresorts-ladis.at\/wp-content\/uploads\/2024\/08\/Alpenresort_Ladis_Apart_5-26_adore_fall_2024_web_1000x667-768x512.jpg 768w\" sizes=\"(max-width: 1000px) 100vw, 1000px\" \/><\/div><div class=\"uael-grid-img-overlay\"><\/div><\/a><\/div><\/div><div class=\"uael-grid-item  uael-img-gallery-item-4\"><div class=\"uael-grid-item-content\"><a class=\"uael-grid-img uael-grid-gallery-img uael-ins-hover elementor-clickable\" data-fancybox=\"uael-gallery\" href=\"https:\/\/alpenresorts-ladis.at\/wp-content\/uploads\/2024\/08\/Alpenresort_Ladis_Apart_5-12_adore_fall_2024_web_1000x667.jpg\" data-elementor-open-lightbox=\"no\"><div class=\"uael-grid-img-thumbnail uael-ins-target\"><img loading=\"lazy\" decoding=\"async\" width=\"1000\" height=\"667\" src=\"https:\/\/alpenresorts-ladis.at\/wp-content\/uploads\/2024\/08\/Alpenresort_Ladis_Apart_5-12_adore_fall_2024_web_1000x667.jpg\" class=\"attachment-full size-full wp-image-10266\" alt=\"Ein elegantes Badezimmer in einer Wohnung verf\u00fcgt \u00fcber eine moderne Dusche mit Glaskabine, ein wei\u00dfes Waschbecken und einen gro\u00dfen Spiegel. Hellgraue Fliesen schm\u00fccken die W\u00e4nde und bilden einen Kontrast zu den dunklen Bodenfliesen. Ein beheizter Handtuchhalter h\u00e4lt flauschige wei\u00dfe Handt\u00fccher, w\u00e4hrend auf der rechten Seite eine Holzt\u00fcr teilweise ge\u00f6ffnet ist.\" srcset=\"https:\/\/alpenresorts-ladis.at\/wp-content\/uploads\/2024\/08\/Alpenresort_Ladis_Apart_5-12_adore_fall_2024_web_1000x667.jpg 1000w, https:\/\/alpenresorts-ladis.at\/wp-content\/uploads\/2024\/08\/Alpenresort_Ladis_Apart_5-12_adore_fall_2024_web_1000x667-300x200.jpg 300w, https:\/\/alpenresorts-ladis.at\/wp-content\/uploads\/2024\/08\/Alpenresort_Ladis_Apart_5-12_adore_fall_2024_web_1000x667-768x512.jpg 768w\" sizes=\"(max-width: 1000px) 100vw, 1000px\" \/><\/div><div class=\"uael-grid-img-overlay\"><\/div><\/a><\/div><\/div><div class=\"uael-grid-item  uael-img-gallery-item-5\"><div class=\"uael-grid-item-content\"><a class=\"uael-grid-img uael-grid-gallery-img uael-ins-hover elementor-clickable\" data-fancybox=\"uael-gallery\" href=\"https:\/\/alpenresorts-ladis.at\/wp-content\/uploads\/2024\/08\/Alpenresort_Ladis_Apart_5-14_adore_fall_2024_web_1000x667.jpg\" data-elementor-open-lightbox=\"no\"><div class=\"uael-grid-img-thumbnail uael-ins-target\"><img loading=\"lazy\" decoding=\"async\" width=\"1000\" height=\"667\" src=\"https:\/\/alpenresorts-ladis.at\/wp-content\/uploads\/2024\/08\/Alpenresort_Ladis_Apart_5-14_adore_fall_2024_web_1000x667.jpg\" class=\"attachment-full size-full wp-image-10268\" alt=\"Ein gem\u00fctlicher, holzget\u00e4felter Saunaraum in der Wohnung verf\u00fcgt \u00fcber eine Glast\u00fcr, eine beheizte Bank und ein Bedienfeld. Darin warten ordentlich gefaltete Handt\u00fccher auf Sie. Angrenzende offene Holzregale und ein an der Wand montierter Handtuchhalter mit h\u00e4ngenden Handt\u00fcchern bieten Komfort \u00fcber dem dunkel gemusterten Fliesenboden.\" srcset=\"https:\/\/alpenresorts-ladis.at\/wp-content\/uploads\/2024\/08\/Alpenresort_Ladis_Apart_5-14_adore_fall_2024_web_1000x667.jpg 1000w, https:\/\/alpenresorts-ladis.at\/wp-content\/uploads\/2024\/08\/Alpenresort_Ladis_Apart_5-14_adore_fall_2024_web_1000x667-300x200.jpg 300w, https:\/\/alpenresorts-ladis.at\/wp-content\/uploads\/2024\/08\/Alpenresort_Ladis_Apart_5-14_adore_fall_2024_web_1000x667-768x512.jpg 768w\" sizes=\"(max-width: 1000px) 100vw, 1000px\" \/><\/div><div class=\"uael-grid-img-overlay\"><\/div><\/a><\/div><\/div><div class=\"uael-grid-item  uael-img-gallery-item-6\"><div class=\"uael-grid-item-content\"><a class=\"uael-grid-img uael-grid-gallery-img uael-ins-hover elementor-clickable\" data-fancybox=\"uael-gallery\" href=\"https:\/\/alpenresorts-ladis.at\/wp-content\/uploads\/2024\/08\/Alpenresort_Ladis_Apart_5-23_adore_fall_2024_web_1000x667.jpg\" data-elementor-open-lightbox=\"no\"><div class=\"uael-grid-img-thumbnail uael-ins-target\"><img loading=\"lazy\" decoding=\"async\" width=\"1000\" height=\"667\" src=\"https:\/\/alpenresorts-ladis.at\/wp-content\/uploads\/2024\/08\/Alpenresort_Ladis_Apart_5-23_adore_fall_2024_web_1000x667.jpg\" class=\"attachment-full size-full wp-image-10270\" alt=\"Ein gem\u00fctliches Apartmentzimmer mit Holzbalken an der Decke verf\u00fcgt \u00fcber einen an der Wand montierten Fernseher, einen Holztisch mit einer roten gepolsterten Bank und einem Stuhl, eine hohe Stehlampe und ein gro\u00dfes Fenster mit Vorh\u00e4ngen. Der Raum verf\u00fcgt \u00fcber Holzb\u00f6den und ist in nat\u00fcrliches Licht getaucht.\" srcset=\"https:\/\/alpenresorts-ladis.at\/wp-content\/uploads\/2024\/08\/Alpenresort_Ladis_Apart_5-23_adore_fall_2024_web_1000x667.jpg 1000w, https:\/\/alpenresorts-ladis.at\/wp-content\/uploads\/2024\/08\/Alpenresort_Ladis_Apart_5-23_adore_fall_2024_web_1000x667-300x200.jpg 300w, https:\/\/alpenresorts-ladis.at\/wp-content\/uploads\/2024\/08\/Alpenresort_Ladis_Apart_5-23_adore_fall_2024_web_1000x667-768x512.jpg 768w\" sizes=\"(max-width: 1000px) 100vw, 1000px\" \/><\/div><div class=\"uael-grid-img-overlay\"><\/div><\/a><\/div><\/div><div class=\"uael-grid-item  uael-img-gallery-item-7\"><div class=\"uael-grid-item-content\"><a class=\"uael-grid-img uael-grid-gallery-img uael-ins-hover elementor-clickable\" data-fancybox=\"uael-gallery\" href=\"https:\/\/alpenresorts-ladis.at\/wp-content\/uploads\/2024\/08\/Alpenresort_Ladis_Apart_5-29_adore_fall_2024_web_1000x667.jpg\" data-elementor-open-lightbox=\"no\"><div class=\"uael-grid-img-thumbnail uael-ins-target\"><img loading=\"lazy\" decoding=\"async\" width=\"1000\" height=\"667\" src=\"https:\/\/alpenresorts-ladis.at\/wp-content\/uploads\/2024\/08\/Alpenresort_Ladis_Apart_5-29_adore_fall_2024_web_1000x667.jpg\" class=\"attachment-full size-full wp-image-10274\" alt=\"In einem gem\u00fctlichen Wohnzimmer mit Holzdecke und -boden steht ein kastanienbraunes Sofa neben einem kleinen Tisch, auf dem Holzscheite gestapelt sind. Der Raum umfasst einen Esstisch mit zwei St\u00fchlen am Fenster und eine hohe Lampe steht neben dem Schrank. An der Wand h\u00e4ngt ein gerahmtes Foto.\" srcset=\"https:\/\/alpenresorts-ladis.at\/wp-content\/uploads\/2024\/08\/Alpenresort_Ladis_Apart_5-29_adore_fall_2024_web_1000x667.jpg 1000w, https:\/\/alpenresorts-ladis.at\/wp-content\/uploads\/2024\/08\/Alpenresort_Ladis_Apart_5-29_adore_fall_2024_web_1000x667-300x200.jpg 300w, https:\/\/alpenresorts-ladis.at\/wp-content\/uploads\/2024\/08\/Alpenresort_Ladis_Apart_5-29_adore_fall_2024_web_1000x667-768x512.jpg 768w\" sizes=\"(max-width: 1000px) 100vw, 1000px\" \/><\/div><div class=\"uael-grid-img-overlay\"><\/div><\/a><\/div><\/div><\/div><\/div>\t\t\t\t<\/div>\n\t\t\t\t<\/div>\n\t\t\t\t\t<\/div>\n\t\t\t\t<\/div>\n\t\t<div class=\"elementor-element elementor-element-6dc6e8d7 e-flex e-con-boxed e-con e-parent\" data-id=\"6dc6e8d7\" data-element_type=\"container\" data-e-type=\"container\">\n\t\t\t\t\t<div class=\"e-con-inner\">\n\t\t<div class=\"elementor-element elementor-element-54642c e-con-full e-flex e-con e-child\" data-id=\"54642c\" data-element_type=\"container\" data-e-type=\"container\" data-settings=\"{&quot;background_background&quot;:&quot;classic&quot;}\">\n\t\t\t\t<div class=\"elementor-element elementor-element-4974e55f elementor-widget elementor-widget-heading\" data-id=\"4974e55f\" data-element_type=\"widget\" data-e-type=\"widget\" data-widget_type=\"heading.default\">\n\t\t\t\t<div class=\"elementor-widget-container\">\n\t\t\t\t\t<h2 class=\"elementor-heading-title elementor-size-default\">Explore Apartment<\/h2>\t\t\t\t<\/div>\n\t\t\t\t<\/div>\n\t\t\t\t<div class=\"elementor-element elementor-element-4bcadc09 responsive-embed-container embed-responsive-16by9 elementor-widget elementor-widget-html\" data-id=\"4bcadc09\" data-element_type=\"widget\" data-e-type=\"widget\" data-widget_type=\"html.default\">\n\t\t\t\t<div class=\"elementor-widget-container\">\n\t\t\t\t\t <iframe width=\"100%\" height=\"650\" src=\"https:\/\/my.matterport.com\/show\/?m=rRk23Zein2k\" frameborder=\"0\" allowfullscreen allow=\"xr-spatial-tracking\"><\/iframe>\t\t\t\t<\/div>\n\t\t\t\t<\/div>\n\t\t\t\t<\/div>\n\t\t\t\t\t<\/div>\n\t\t\t\t<\/div>\n\t\t\t\t<\/div>\n\t\t","protected":false},"excerpt":{"rendered":"<p>Time for two, time for me, and time for us. Our Apartment 5 with a wonderful view of the surrounding mountains offers you plenty of space for relaxing hours.<\/p>\n","protected":false},"author":6,"featured_media":7104,"comment_status":"closed","ping_status":"closed","sticky":false,"template":"","format":"standard","meta":{"_acf_changed":false,"footnotes":""},"categories":[58,59],"tags":[],"class_list":["post-7809","post","type-post","status-publish","format-standard","has-post-thumbnail","hentry","category-apartments-en","category-apartments-alpenapart"],"yoast_head":"<!-- This site is optimized with the Yoast SEO Premium plugin v22.3 (Yoast SEO v27.4) - https:\/\/yoast.com\/product\/yoast-seo-premium-wordpress\/ -->\n<title>Time for luxury: 2-bedroom apartment with balcony and terrace<\/title>\n<meta name=\"description\" content=\"Spend your vacation in an apartment with two bedrooms, luxurious bathrooms, balcony, terraces, and hairdryer. Book it now!\" \/>\n<meta name=\"robots\" content=\"index, follow, max-snippet:-1, max-image-preview:large, max-video-preview:-1\" \/>\n<link rel=\"canonical\" href=\"https:\/\/alpenresorts-ladis.at\/alpenresort-alpenapart-apartment-funf\/\" \/>\n<meta property=\"og:locale\" content=\"en_US\" \/>\n<meta property=\"og:type\" content=\"article\" \/>\n<meta property=\"og:title\" content=\"Apartment 5\" \/>\n<meta property=\"og:description\" content=\"Spend your vacation in an apartment with two bedrooms, luxurious bathrooms, balcony, terraces, and hairdryer. Book it now!\" \/>\n<meta property=\"og:url\" content=\"https:\/\/alpenresorts-ladis.at\/alpenresort-alpenapart-apartment-funf\/\" \/>\n<meta property=\"og:site_name\" content=\"Alpenresorts Ladis\" \/>\n<meta property=\"article:published_time\" content=\"2023-11-29T16:19:26+00:00\" \/>\n<meta property=\"article:modified_time\" content=\"2025-12-12T11:51:51+00:00\" \/>\n<meta property=\"og:image\" content=\"https:\/\/alpenresorts-ladis.at\/wp-content\/uploads\/2023\/11\/Alpenresort-Ladis-Alpenapart-Apartment5-01.jpg\" \/>\n\t<meta property=\"og:image:width\" content=\"966\" \/>\n\t<meta property=\"og:image:height\" content=\"966\" \/>\n\t<meta property=\"og:image:type\" content=\"image\/jpeg\" \/>\n<meta name=\"author\" content=\"admin\" \/>\n<meta name=\"twitter:card\" content=\"summary_large_image\" \/>\n<meta name=\"twitter:label1\" content=\"Written by\" \/>\n\t<meta name=\"twitter:data1\" content=\"admin\" \/>\n\t<meta name=\"twitter:label2\" content=\"Est. reading time\" \/>\n\t<meta name=\"twitter:data2\" content=\"1 minute\" \/>\n<script type=\"application\/ld+json\" class=\"yoast-schema-graph\">{\"@context\":\"https:\\\/\\\/schema.org\",\"@graph\":[{\"@type\":\"Article\",\"@id\":\"https:\\\/\\\/alpenresorts-ladis.at\\\/alpenresort-alpenapart-apartment-funf\\\/#article\",\"isPartOf\":{\"@id\":\"https:\\\/\\\/alpenresorts-ladis.at\\\/alpenresort-alpenapart-apartment-funf\\\/\"},\"author\":{\"name\":\"admin\",\"@id\":\"https:\\\/\\\/alpenresorts-ladis.at\\\/#\\\/schema\\\/person\\\/e69c77c36de4263ba5faf0885ebc7970\"},\"headline\":\"Apartment 5\",\"datePublished\":\"2023-11-29T16:19:26+00:00\",\"dateModified\":\"2025-12-12T11:51:51+00:00\",\"mainEntityOfPage\":{\"@id\":\"https:\\\/\\\/alpenresorts-ladis.at\\\/alpenresort-alpenapart-apartment-funf\\\/\"},\"wordCount\":109,\"publisher\":{\"@id\":\"https:\\\/\\\/alpenresorts-ladis.at\\\/#organization\"},\"image\":{\"@id\":\"https:\\\/\\\/alpenresorts-ladis.at\\\/alpenresort-alpenapart-apartment-funf\\\/#primaryimage\"},\"thumbnailUrl\":\"https:\\\/\\\/alpenresorts-ladis.at\\\/wp-content\\\/uploads\\\/2023\\\/11\\\/Alpenresort-Ladis-Alpenapart-Apartment5-01.jpg\",\"articleSection\":[\"Apartments\",\"Apartments Alpenapart\"],\"inLanguage\":\"en-US\"},{\"@type\":\"WebPage\",\"@id\":\"https:\\\/\\\/alpenresorts-ladis.at\\\/alpenresort-alpenapart-apartment-funf\\\/\",\"url\":\"https:\\\/\\\/alpenresorts-ladis.at\\\/alpenresort-alpenapart-apartment-funf\\\/\",\"name\":\"Time for luxury: 2-bedroom apartment with balcony and terrace\",\"isPartOf\":{\"@id\":\"https:\\\/\\\/alpenresorts-ladis.at\\\/#website\"},\"primaryImageOfPage\":{\"@id\":\"https:\\\/\\\/alpenresorts-ladis.at\\\/alpenresort-alpenapart-apartment-funf\\\/#primaryimage\"},\"image\":{\"@id\":\"https:\\\/\\\/alpenresorts-ladis.at\\\/alpenresort-alpenapart-apartment-funf\\\/#primaryimage\"},\"thumbnailUrl\":\"https:\\\/\\\/alpenresorts-ladis.at\\\/wp-content\\\/uploads\\\/2023\\\/11\\\/Alpenresort-Ladis-Alpenapart-Apartment5-01.jpg\",\"datePublished\":\"2023-11-29T16:19:26+00:00\",\"dateModified\":\"2025-12-12T11:51:51+00:00\",\"description\":\"Spend your vacation in an apartment with two bedrooms, luxurious bathrooms, balcony, terraces, and hairdryer. Book it now!\",\"breadcrumb\":{\"@id\":\"https:\\\/\\\/alpenresorts-ladis.at\\\/alpenresort-alpenapart-apartment-funf\\\/#breadcrumb\"},\"inLanguage\":\"en-US\",\"potentialAction\":[{\"@type\":\"ReadAction\",\"target\":[\"https:\\\/\\\/alpenresorts-ladis.at\\\/alpenresort-alpenapart-apartment-funf\\\/\"]}]},{\"@type\":\"ImageObject\",\"inLanguage\":\"en-US\",\"@id\":\"https:\\\/\\\/alpenresorts-ladis.at\\\/alpenresort-alpenapart-apartment-funf\\\/#primaryimage\",\"url\":\"https:\\\/\\\/alpenresorts-ladis.at\\\/wp-content\\\/uploads\\\/2023\\\/11\\\/Alpenresort-Ladis-Alpenapart-Apartment5-01.jpg\",\"contentUrl\":\"https:\\\/\\\/alpenresorts-ladis.at\\\/wp-content\\\/uploads\\\/2023\\\/11\\\/Alpenresort-Ladis-Alpenapart-Apartment5-01.jpg\",\"width\":966,\"height\":966,\"caption\":\"A modern living space with a brown and red sofa, wooden flooring, a kitchenette with light wood cabinets, oven, microwave, and coffee maker. A countryside photo hangs on a beige wall near a small wooden cabinet.\"},{\"@type\":\"BreadcrumbList\",\"@id\":\"https:\\\/\\\/alpenresorts-ladis.at\\\/alpenresort-alpenapart-apartment-funf\\\/#breadcrumb\",\"itemListElement\":[{\"@type\":\"ListItem\",\"position\":1,\"name\":\"Startseite\",\"item\":\"https:\\\/\\\/alpenresorts-ladis.at\\\/\"},{\"@type\":\"ListItem\",\"position\":2,\"name\":\"Apartment 5\"}]},{\"@type\":\"WebSite\",\"@id\":\"https:\\\/\\\/alpenresorts-ladis.at\\\/#website\",\"url\":\"https:\\\/\\\/alpenresorts-ladis.at\\\/\",\"name\":\"Alpenresorts Ladis\",\"description\":\"Deine Unterk\u00fcnfte in Ladis\",\"publisher\":{\"@id\":\"https:\\\/\\\/alpenresorts-ladis.at\\\/#organization\"},\"potentialAction\":[{\"@type\":\"SearchAction\",\"target\":{\"@type\":\"EntryPoint\",\"urlTemplate\":\"https:\\\/\\\/alpenresorts-ladis.at\\\/?s={search_term_string}\"},\"query-input\":{\"@type\":\"PropertyValueSpecification\",\"valueRequired\":true,\"valueName\":\"search_term_string\"}}],\"inLanguage\":\"en-US\"},{\"@type\":\"Organization\",\"@id\":\"https:\\\/\\\/alpenresorts-ladis.at\\\/#organization\",\"name\":\"Alpenresorts Ladis\",\"url\":\"https:\\\/\\\/alpenresorts-ladis.at\\\/\",\"logo\":{\"@type\":\"ImageObject\",\"inLanguage\":\"en-US\",\"@id\":\"https:\\\/\\\/alpenresorts-ladis.at\\\/#\\\/schema\\\/logo\\\/image\\\/\",\"url\":\"https:\\\/\\\/alpenresorts-ladis.at\\\/wp-content\\\/uploads\\\/2023\\\/08\\\/Logos_Alpenresorts-Ladis_2023_RGB.png\",\"contentUrl\":\"https:\\\/\\\/alpenresorts-ladis.at\\\/wp-content\\\/uploads\\\/2023\\\/08\\\/Logos_Alpenresorts-Ladis_2023_RGB.png\",\"width\":400,\"height\":400,\"caption\":\"Alpenresorts Ladis\"},\"image\":{\"@id\":\"https:\\\/\\\/alpenresorts-ladis.at\\\/#\\\/schema\\\/logo\\\/image\\\/\"}},{\"@type\":\"Person\",\"@id\":\"https:\\\/\\\/alpenresorts-ladis.at\\\/#\\\/schema\\\/person\\\/e69c77c36de4263ba5faf0885ebc7970\",\"name\":\"admin\",\"sameAs\":[\"https:\\\/\\\/alpenresorts-ladis.at\"],\"url\":\"https:\\\/\\\/alpenresorts-ladis.at\\\/en\\\/author\\\/info_6ooqnjab\\\/\"}]}<\/script>\n<!-- \/ Yoast SEO Premium plugin. -->","yoast_head_json":{"title":"Time for luxury: 2-bedroom apartment with balcony and terrace","description":"Spend your vacation in an apartment with two bedrooms, luxurious bathrooms, balcony, terraces, and hairdryer. Book it now!","robots":{"index":"index","follow":"follow","max-snippet":"max-snippet:-1","max-image-preview":"max-image-preview:large","max-video-preview":"max-video-preview:-1"},"canonical":"https:\/\/alpenresorts-ladis.at\/alpenresort-alpenapart-apartment-funf\/","og_locale":"en_US","og_type":"article","og_title":"Apartment 5","og_description":"Spend your vacation in an apartment with two bedrooms, luxurious bathrooms, balcony, terraces, and hairdryer. Book it now!","og_url":"https:\/\/alpenresorts-ladis.at\/alpenresort-alpenapart-apartment-funf\/","og_site_name":"Alpenresorts Ladis","article_published_time":"2023-11-29T16:19:26+00:00","article_modified_time":"2025-12-12T11:51:51+00:00","og_image":[{"width":966,"height":966,"url":"https:\/\/alpenresorts-ladis.at\/wp-content\/uploads\/2023\/11\/Alpenresort-Ladis-Alpenapart-Apartment5-01.jpg","type":"image\/jpeg"}],"author":"admin","twitter_card":"summary_large_image","twitter_misc":{"Written by":"admin","Est. reading time":"1 minute"},"schema":{"@context":"https:\/\/schema.org","@graph":[{"@type":"Article","@id":"https:\/\/alpenresorts-ladis.at\/alpenresort-alpenapart-apartment-funf\/#article","isPartOf":{"@id":"https:\/\/alpenresorts-ladis.at\/alpenresort-alpenapart-apartment-funf\/"},"author":{"name":"admin","@id":"https:\/\/alpenresorts-ladis.at\/#\/schema\/person\/e69c77c36de4263ba5faf0885ebc7970"},"headline":"Apartment 5","datePublished":"2023-11-29T16:19:26+00:00","dateModified":"2025-12-12T11:51:51+00:00","mainEntityOfPage":{"@id":"https:\/\/alpenresorts-ladis.at\/alpenresort-alpenapart-apartment-funf\/"},"wordCount":109,"publisher":{"@id":"https:\/\/alpenresorts-ladis.at\/#organization"},"image":{"@id":"https:\/\/alpenresorts-ladis.at\/alpenresort-alpenapart-apartment-funf\/#primaryimage"},"thumbnailUrl":"https:\/\/alpenresorts-ladis.at\/wp-content\/uploads\/2023\/11\/Alpenresort-Ladis-Alpenapart-Apartment5-01.jpg","articleSection":["Apartments","Apartments Alpenapart"],"inLanguage":"en-US"},{"@type":"WebPage","@id":"https:\/\/alpenresorts-ladis.at\/alpenresort-alpenapart-apartment-funf\/","url":"https:\/\/alpenresorts-ladis.at\/alpenresort-alpenapart-apartment-funf\/","name":"Time for luxury: 2-bedroom apartment with balcony and terrace","isPartOf":{"@id":"https:\/\/alpenresorts-ladis.at\/#website"},"primaryImageOfPage":{"@id":"https:\/\/alpenresorts-ladis.at\/alpenresort-alpenapart-apartment-funf\/#primaryimage"},"image":{"@id":"https:\/\/alpenresorts-ladis.at\/alpenresort-alpenapart-apartment-funf\/#primaryimage"},"thumbnailUrl":"https:\/\/alpenresorts-ladis.at\/wp-content\/uploads\/2023\/11\/Alpenresort-Ladis-Alpenapart-Apartment5-01.jpg","datePublished":"2023-11-29T16:19:26+00:00","dateModified":"2025-12-12T11:51:51+00:00","description":"Spend your vacation in an apartment with two bedrooms, luxurious bathrooms, balcony, terraces, and hairdryer. Book it now!","breadcrumb":{"@id":"https:\/\/alpenresorts-ladis.at\/alpenresort-alpenapart-apartment-funf\/#breadcrumb"},"inLanguage":"en-US","potentialAction":[{"@type":"ReadAction","target":["https:\/\/alpenresorts-ladis.at\/alpenresort-alpenapart-apartment-funf\/"]}]},{"@type":"ImageObject","inLanguage":"en-US","@id":"https:\/\/alpenresorts-ladis.at\/alpenresort-alpenapart-apartment-funf\/#primaryimage","url":"https:\/\/alpenresorts-ladis.at\/wp-content\/uploads\/2023\/11\/Alpenresort-Ladis-Alpenapart-Apartment5-01.jpg","contentUrl":"https:\/\/alpenresorts-ladis.at\/wp-content\/uploads\/2023\/11\/Alpenresort-Ladis-Alpenapart-Apartment5-01.jpg","width":966,"height":966,"caption":"A modern living space with a brown and red sofa, wooden flooring, a kitchenette with light wood cabinets, oven, microwave, and coffee maker. A countryside photo hangs on a beige wall near a small wooden cabinet."},{"@type":"BreadcrumbList","@id":"https:\/\/alpenresorts-ladis.at\/alpenresort-alpenapart-apartment-funf\/#breadcrumb","itemListElement":[{"@type":"ListItem","position":1,"name":"Startseite","item":"https:\/\/alpenresorts-ladis.at\/"},{"@type":"ListItem","position":2,"name":"Apartment 5"}]},{"@type":"WebSite","@id":"https:\/\/alpenresorts-ladis.at\/#website","url":"https:\/\/alpenresorts-ladis.at\/","name":"Alpenresorts Ladis","description":"Deine Unterk\u00fcnfte in Ladis","publisher":{"@id":"https:\/\/alpenresorts-ladis.at\/#organization"},"potentialAction":[{"@type":"SearchAction","target":{"@type":"EntryPoint","urlTemplate":"https:\/\/alpenresorts-ladis.at\/?s={search_term_string}"},"query-input":{"@type":"PropertyValueSpecification","valueRequired":true,"valueName":"search_term_string"}}],"inLanguage":"en-US"},{"@type":"Organization","@id":"https:\/\/alpenresorts-ladis.at\/#organization","name":"Alpenresorts Ladis","url":"https:\/\/alpenresorts-ladis.at\/","logo":{"@type":"ImageObject","inLanguage":"en-US","@id":"https:\/\/alpenresorts-ladis.at\/#\/schema\/logo\/image\/","url":"https:\/\/alpenresorts-ladis.at\/wp-content\/uploads\/2023\/08\/Logos_Alpenresorts-Ladis_2023_RGB.png","contentUrl":"https:\/\/alpenresorts-ladis.at\/wp-content\/uploads\/2023\/08\/Logos_Alpenresorts-Ladis_2023_RGB.png","width":400,"height":400,"caption":"Alpenresorts Ladis"},"image":{"@id":"https:\/\/alpenresorts-ladis.at\/#\/schema\/logo\/image\/"}},{"@type":"Person","@id":"https:\/\/alpenresorts-ladis.at\/#\/schema\/person\/e69c77c36de4263ba5faf0885ebc7970","name":"admin","sameAs":["https:\/\/alpenresorts-ladis.at"],"url":"https:\/\/alpenresorts-ladis.at\/en\/author\/info_6ooqnjab\/"}]}},"acf":[],"_links":{"self":[{"href":"https:\/\/alpenresorts-ladis.at\/en\/wp-json\/wp\/v2\/posts\/7809","targetHints":{"allow":["GET"]}}],"collection":[{"href":"https:\/\/alpenresorts-ladis.at\/en\/wp-json\/wp\/v2\/posts"}],"about":[{"href":"https:\/\/alpenresorts-ladis.at\/en\/wp-json\/wp\/v2\/types\/post"}],"author":[{"embeddable":true,"href":"https:\/\/alpenresorts-ladis.at\/en\/wp-json\/wp\/v2\/users\/6"}],"replies":[{"embeddable":true,"href":"https:\/\/alpenresorts-ladis.at\/en\/wp-json\/wp\/v2\/comments?post=7809"}],"version-history":[{"count":15,"href":"https:\/\/alpenresorts-ladis.at\/en\/wp-json\/wp\/v2\/posts\/7809\/revisions"}],"predecessor-version":[{"id":13549,"href":"https:\/\/alpenresorts-ladis.at\/en\/wp-json\/wp\/v2\/posts\/7809\/revisions\/13549"}],"wp:featuredmedia":[{"embeddable":true,"href":"https:\/\/alpenresorts-ladis.at\/en\/wp-json\/wp\/v2\/media\/7104"}],"wp:attachment":[{"href":"https:\/\/alpenresorts-ladis.at\/en\/wp-json\/wp\/v2\/media?parent=7809"}],"wp:term":[{"taxonomy":"category","embeddable":true,"href":"https:\/\/alpenresorts-ladis.at\/en\/wp-json\/wp\/v2\/categories?post=7809"},{"taxonomy":"post_tag","embeddable":true,"href":"https:\/\/alpenresorts-ladis.at\/en\/wp-json\/wp\/v2\/tags?post=7809"}],"curies":[{"name":"wp","href":"https:\/\/api.w.org\/{rel}","templated":true}]}}